{"id":43929,"date":"2018-11-21T19:53:50","date_gmt":"2018-11-21T22:53:50","guid":{"rendered":"https:\/\/eldiariodesanpedro.com.ar\/sitio\/?p=43929"},"modified":"2026-01-24T00:09:01","modified_gmt":"2026-01-24T03:09:01","slug":"voley-derrota-en-el-partido-de-ida","status":"publish","type":"post","link":"https:\/\/eldiariodesanpedro.com.ar\/sitio\/voley-derrota-en-el-partido-de-ida\/","title":{"rendered":"VOLEY: Derrota en el partido de ida"},"content":{"rendered":"<p><!-- VideographyWP Plugin Message: Automatic video embedding prevented by plugin options. --><br \/>\nEl domingo por la tarde la primera divisi\u00f3n del club N\u00e1utico jug\u00f3 la final de ida ante Regatas de San Nicol\u00e1s por el torneo de la Asociaci\u00f3n Nicole\u00f1a de Voley.<br \/>\nFue derrota 3-0 y espera la revancha como visitante. Si gana habr\u00e1 tercer partido. En la semifinal femenina la primera de mujeres perdi\u00f3 1-3 ante La Emilia y jugar\u00e1 por el tercer puesto. El sub 13 varones perdi\u00f3 con Baradero Municipal, el sub 15 gan\u00f3 ante el mismo equipo 3-0 y el Sub 19 sigue en carrera para ganar el campeonato despu\u00e9s de derrotar a Baradero 3-1.<\/p>\n","protected":false},"excerpt":{"rendered":"<p>El domingo por la tarde la primera divisi\u00f3n del club N\u00e1utico jug\u00f3 la final de ida ante Regatas de San Nicol\u00e1s por el torneo de la Asociaci\u00f3n Nicole\u00f1a de Voley. Fue derrota 3-0 y espera la revancha como visitante. Si gana habr\u00e1 tercer partido. En la semifinal femenina la primera de mujeres perdi\u00f3 1-3 ante [&hellip;]<\/p>\n","protected":false},"author":4,"featured_media":18703,"comment_status":"open","ping_status":"closed","sticky":false,"template":"","format":"standard","meta":{"om_disable_all_campaigns":false,"_jetpack_memberships_contains_paid_content":false,"footnotes":""},"categories":[5],"tags":[],"class_list":["post-43929","post","type-post","status-publish","format-standard","has-post-thumbnail","hentry","category-deportes"],"aioseo_notices":[],"gutentor_comment":0,"jetpack_featured_media_url":"https:\/\/eldiariodesanpedro.com.ar\/sitio\/wp-content\/uploads\/2017\/05\/voley.jpg","jetpack_shortlink":"https:\/\/wp.me\/p6RhLt-bqx","jetpack_sharing_enabled":true,"_links":{"self":[{"href":"https:\/\/eldiariodesanpedro.com.ar\/sitio\/wp-json\/wp\/v2\/posts\/43929","targetHints":{"allow":["GET"]}}],"collection":[{"href":"https:\/\/eldiariodesanpedro.com.ar\/sitio\/wp-json\/wp\/v2\/posts"}],"about":[{"href":"https:\/\/eldiariodesanpedro.com.ar\/sitio\/wp-json\/wp\/v2\/types\/post"}],"author":[{"embeddable":true,"href":"https:\/\/eldiariodesanpedro.com.ar\/sitio\/wp-json\/wp\/v2\/users\/4"}],"replies":[{"embeddable":true,"href":"https:\/\/eldiariodesanpedro.com.ar\/sitio\/wp-json\/wp\/v2\/comments?post=43929"}],"version-history":[{"count":1,"href":"https:\/\/eldiariodesanpedro.com.ar\/sitio\/wp-json\/wp\/v2\/posts\/43929\/revisions"}],"predecessor-version":[{"id":43932,"href":"https:\/\/eldiariodesanpedro.com.ar\/sitio\/wp-json\/wp\/v2\/posts\/43929\/revisions\/43932"}],"wp:featuredmedia":[{"embeddable":true,"href":"https:\/\/eldiariodesanpedro.com.ar\/sitio\/wp-json\/wp\/v2\/media\/18703"}],"wp:attachment":[{"href":"https:\/\/eldiariodesanpedro.com.ar\/sitio\/wp-json\/wp\/v2\/media?parent=43929"}],"wp:term":[{"taxonomy":"category","embeddable":true,"href":"https:\/\/eldiariodesanpedro.com.ar\/sitio\/wp-json\/wp\/v2\/categories?post=43929"},{"taxonomy":"post_tag","embeddable":true,"href":"https:\/\/eldiariodesanpedro.com.ar\/sitio\/wp-json\/wp\/v2\/tags?post=43929"}],"curies":[{"name":"wp","href":"https:\/\/api.w.org\/{rel}","templated":true}]}}