{"id":43924,"date":"2018-11-21T19:27:51","date_gmt":"2018-11-21T22:27:51","guid":{"rendered":"https:\/\/eldiariodesanpedro.com.ar\/sitio\/?p=43924"},"modified":"2018-11-21T20:22:27","modified_gmt":"2018-11-21T23:22:27","slug":"casi-200-consultas-en-el-camion-oftalmologico","status":"publish","type":"post","link":"https:\/\/eldiariodesanpedro.com.ar\/sitio\/casi-200-consultas-en-el-camion-oftalmologico\/","title":{"rendered":"Casi 200 consultas en el Cami\u00f3n Oftalmol\u00f3gico"},"content":{"rendered":"<p><!-- VideographyWP Plugin Message: Automatic video embedding prevented by plugin options. --><br \/>\nSe complet\u00f3 la jornada dedicada al Programa de Prevenci\u00f3n y Asistencia de Diabetes en el CIC que cerr\u00f3 las actividades compartidas desde la Secretar\u00eda de Salud junto a Creando Conciencia y el C\u00edrculo M\u00e9dico de San Pedro, en el mes que incluye el Dia Internacional de la lucha contra esta enfermedad. <\/p>\n<p>Luego de la primera actividad organizada en el hall del Hospital, hoy el cami\u00f3n oftalmol\u00f3gico enviado por el Ministerio de Salud recibi\u00f3 a casi 200 personas que se realizaron controles que contribuyen a orientar a quienes pueden tener s\u00edntomas o caracter\u00edsticas que podr\u00edan convertirlos en diab\u00e9ticos. <\/p>\n<p>La planificaci\u00f3n de este tipo de acciones conjuntas continuar\u00e1 con otras actividades a confirmar.<\/p>\n","protected":false},"excerpt":{"rendered":"<p>Se complet\u00f3 la jornada dedicada al Programa de Prevenci\u00f3n y Asistencia de Diabetes en el CIC que cerr\u00f3 las actividades compartidas desde la Secretar\u00eda de Salud junto a Creando Conciencia y el C\u00edrculo M\u00e9dico de San Pedro, en el mes que incluye el Dia Internacional de la lucha contra esta enfermedad. Luego de la primera [&hellip;]<\/p>\n","protected":false},"author":4,"featured_media":43925,"comment_status":"open","ping_status":"closed","sticky":false,"template":"","format":"standard","meta":{"om_disable_all_campaigns":false,"_jetpack_memberships_contains_paid_content":false,"footnotes":""},"categories":[101,2],"tags":[],"class_list":["post-43924","post","type-post","status-publish","format-standard","has-post-thumbnail","hentry","category-interes-general-locales","category-locales"],"aioseo_notices":[],"gutentor_comment":0,"jetpack_featured_media_url":"https:\/\/eldiariodesanpedro.com.ar\/sitio\/wp-content\/uploads\/2018\/11\/pastedImage-2-2.png","jetpack_shortlink":"https:\/\/wp.me\/p6RhLt-bqs","jetpack_sharing_enabled":true,"_links":{"self":[{"href":"https:\/\/eldiariodesanpedro.com.ar\/sitio\/wp-json\/wp\/v2\/posts\/43924","targetHints":{"allow":["GET"]}}],"collection":[{"href":"https:\/\/eldiariodesanpedro.com.ar\/sitio\/wp-json\/wp\/v2\/posts"}],"about":[{"href":"https:\/\/eldiariodesanpedro.com.ar\/sitio\/wp-json\/wp\/v2\/types\/post"}],"author":[{"embeddable":true,"href":"https:\/\/eldiariodesanpedro.com.ar\/sitio\/wp-json\/wp\/v2\/users\/4"}],"replies":[{"embeddable":true,"href":"https:\/\/eldiariodesanpedro.com.ar\/sitio\/wp-json\/wp\/v2\/comments?post=43924"}],"version-history":[{"count":1,"href":"https:\/\/eldiariodesanpedro.com.ar\/sitio\/wp-json\/wp\/v2\/posts\/43924\/revisions"}],"predecessor-version":[{"id":43926,"href":"https:\/\/eldiariodesanpedro.com.ar\/sitio\/wp-json\/wp\/v2\/posts\/43924\/revisions\/43926"}],"wp:featuredmedia":[{"embeddable":true,"href":"https:\/\/eldiariodesanpedro.com.ar\/sitio\/wp-json\/wp\/v2\/media\/43925"}],"wp:attachment":[{"href":"https:\/\/eldiariodesanpedro.com.ar\/sitio\/wp-json\/wp\/v2\/media?parent=43924"}],"wp:term":[{"taxonomy":"category","embeddable":true,"href":"https:\/\/eldiariodesanpedro.com.ar\/sitio\/wp-json\/wp\/v2\/categories?post=43924"},{"taxonomy":"post_tag","embeddable":true,"href":"https:\/\/eldiariodesanpedro.com.ar\/sitio\/wp-json\/wp\/v2\/tags?post=43924"}],"curies":[{"name":"wp","href":"https:\/\/api.w.org\/{rel}","templated":true}]}}