{"id":43919,"date":"2018-11-21T19:14:01","date_gmt":"2018-11-21T22:14:01","guid":{"rendered":"https:\/\/eldiariodesanpedro.com.ar\/sitio\/?p=43919"},"modified":"2018-11-21T19:14:01","modified_gmt":"2018-11-21T22:14:01","slug":"el-intendente-solicito-al-ministro-de-transporte-la-repavimentacion-de-la-ruta-1001","status":"publish","type":"post","link":"https:\/\/eldiariodesanpedro.com.ar\/sitio\/el-intendente-solicito-al-ministro-de-transporte-la-repavimentacion-de-la-ruta-1001\/","title":{"rendered":"El Intendente solicit\u00f3 al Ministro de Transporte la repavimentaci\u00f3n de la Ruta 1001"},"content":{"rendered":"<p><!-- VideographyWP Plugin Message: Automatic video embedding prevented by plugin options. --><br \/>\nEl Intendente Cecilio Salazar remiti\u00f3 al Ministerio de Transporte de la Naci\u00f3n a cargo del Licenciado Guillermo Dietrich, una nota en la que se solicita de manera concreta la repavimentaci\u00f3n de la Ruta 1001, ante las evidentes deficiencias que presenta la obra.<\/p>\n<p>La inversi\u00f3n que el Estado destin\u00f3 a concretar este postergado anhelo de los vecinos de San Pedro y la trascendental importancia que tiene el principal acceso a la ciudad son s\u00f3lo algunos de los argumentos que fueron elevados del Ministro.<\/p>\n<p>En la nota se recuerda que con fecha 18 de Junio ya se hab\u00eda elevado una nota del mismo tenor y se apunta que \u00aba pesar de los controles exhaustivos y permanentes que realizamos sobre su traza para que los transportes de cargas respeten el peso permitido, y el pesaje de rigor que se efect\u00faa con una balanza homologada por el INTI, los da\u00f1os que se observan evidencian una falla estructural en la obra\u00bb.<\/p>\n<p>Desde el gobierno local se remarca que las reparaciones menores efectuadas no alcanzan y que ya son cientos los reclamos \u00abpor lo que claramente se trata de una respuesta insatisfactoria al tr\u00e1nsito intenso que de antemano se consider\u00f3 en la elaboraci\u00f3n del proyecto\u00bb.<\/p>\n<p>Luego de detallar otros aspectos t\u00e9cnicos sobre las caracter\u00edsticas de la obra y su comportamiento tras la apertura al tr\u00e1nsito se pide formalmente \u00abevaluar y ordenar una reconstrucci\u00f3n total de este pavimento, realizando un dise\u00f1o y ejecuci\u00f3n de obra adecuados a las condiciones preexistentes y a las necesidades reales del tr\u00e1nsito\u00bb.<\/p>\n","protected":false},"excerpt":{"rendered":"<p>El Intendente Cecilio Salazar remiti\u00f3 al Ministerio de Transporte de la Naci\u00f3n a cargo del Licenciado Guillermo Dietrich, una nota en la que se solicita de manera concreta la repavimentaci\u00f3n de la Ruta 1001, ante las evidentes deficiencias que presenta la obra. La inversi\u00f3n que el Estado destin\u00f3 a concretar este postergado anhelo de los [&hellip;]<\/p>\n","protected":false},"author":4,"featured_media":13126,"comment_status":"open","ping_status":"closed","sticky":false,"template":"","format":"standard","meta":{"om_disable_all_campaigns":false,"_jetpack_memberships_contains_paid_content":false,"footnotes":""},"categories":[101,2],"tags":[],"class_list":["post-43919","post","type-post","status-publish","format-standard","has-post-thumbnail","hentry","category-interes-general-locales","category-locales"],"aioseo_notices":[],"gutentor_comment":0,"jetpack_featured_media_url":"https:\/\/eldiariodesanpedro.com.ar\/sitio\/wp-content\/uploads\/2017\/01\/Los-trabajos-en-ruta-1001.jpg","jetpack_shortlink":"https:\/\/wp.me\/p6RhLt-bqn","jetpack_sharing_enabled":true,"_links":{"self":[{"href":"https:\/\/eldiariodesanpedro.com.ar\/sitio\/wp-json\/wp\/v2\/posts\/43919","targetHints":{"allow":["GET"]}}],"collection":[{"href":"https:\/\/eldiariodesanpedro.com.ar\/sitio\/wp-json\/wp\/v2\/posts"}],"about":[{"href":"https:\/\/eldiariodesanpedro.com.ar\/sitio\/wp-json\/wp\/v2\/types\/post"}],"author":[{"embeddable":true,"href":"https:\/\/eldiariodesanpedro.com.ar\/sitio\/wp-json\/wp\/v2\/users\/4"}],"replies":[{"embeddable":true,"href":"https:\/\/eldiariodesanpedro.com.ar\/sitio\/wp-json\/wp\/v2\/comments?post=43919"}],"version-history":[{"count":1,"href":"https:\/\/eldiariodesanpedro.com.ar\/sitio\/wp-json\/wp\/v2\/posts\/43919\/revisions"}],"predecessor-version":[{"id":43920,"href":"https:\/\/eldiariodesanpedro.com.ar\/sitio\/wp-json\/wp\/v2\/posts\/43919\/revisions\/43920"}],"wp:featuredmedia":[{"embeddable":true,"href":"https:\/\/eldiariodesanpedro.com.ar\/sitio\/wp-json\/wp\/v2\/media\/13126"}],"wp:attachment":[{"href":"https:\/\/eldiariodesanpedro.com.ar\/sitio\/wp-json\/wp\/v2\/media?parent=43919"}],"wp:term":[{"taxonomy":"category","embeddable":true,"href":"https:\/\/eldiariodesanpedro.com.ar\/sitio\/wp-json\/wp\/v2\/categories?post=43919"},{"taxonomy":"post_tag","embeddable":true,"href":"https:\/\/eldiariodesanpedro.com.ar\/sitio\/wp-json\/wp\/v2\/tags?post=43919"}],"curies":[{"name":"wp","href":"https:\/\/api.w.org\/{rel}","templated":true}]}}