{"id":43916,"date":"2018-11-21T18:59:43","date_gmt":"2018-11-21T21:59:43","guid":{"rendered":"https:\/\/eldiariodesanpedro.com.ar\/sitio\/?p=43916"},"modified":"2018-11-21T18:59:43","modified_gmt":"2018-11-21T21:59:43","slug":"dia-de-concientizacion-sobre-la-eliminacion-de-la-violencia-contra-la-mujer","status":"publish","type":"post","link":"https:\/\/eldiariodesanpedro.com.ar\/sitio\/dia-de-concientizacion-sobre-la-eliminacion-de-la-violencia-contra-la-mujer\/","title":{"rendered":"D\u00eda de concientizaci\u00f3n sobre la eliminaci\u00f3n de la violencia contra la mujer"},"content":{"rendered":"<p><!-- VideographyWP Plugin Message: Automatic video embedding prevented by plugin options. --><br \/>\nCon motivo de conmemorarse el 25 de noviembre el D\u00eda Internacional de la Eliminaci\u00f3n de la Violencia contra la Mujer, desde la Secretar\u00eda de Desarrollo Humano de la Municipalidad de San Pedro se desarrollar\u00e1n actividades para concientizar sobre la el problema de la violencia contra la mujer.<\/p>\n<p>La declaraci\u00f3n sobre la eliminaci\u00f3n de la violencia contra la mujer emitida por la Asamblea General de la ONU en 1993, define la violencia contra la mujer como \u201ctodo acto de violencia que tenga o pueda tener como resultado un da\u00f1o o sufrimiento f\u00edsico, sexual o sicol\u00f3gico para la mujer, as\u00ed como las amenazas de tales actos, la coacci\u00f3n o la privaci\u00f3n arbitraria de la libertad, tanto si se producen en la vida p\u00fablica como en la vida privada.\u201d<\/p>\n<p>Las actividades organizadas desde la Municipalidad de San Pedro se realizar\u00e1n el viernes 23\/11 de 9 a 11 frente a la Secretar\u00eda de Desarrollo Humano, sobre calle Oliveira C\u00e9zar entre Salta y Rivadavia, contando con la participaci\u00f3n de personal de la Comisar\u00eda de la Mujer, j\u00f3venes del programa Envi\u00f3n y artistas locales invitados. <\/p>\n<p>Se extiende la invitaci\u00f3n al p\u00fablico en general a participar de las mismas y contribuir en la toma de conciencia y difusi\u00f3n de dicha problem\u00e1tica.<\/p>\n","protected":false},"excerpt":{"rendered":"<p>Con motivo de conmemorarse el 25 de noviembre el D\u00eda Internacional de la Eliminaci\u00f3n de la Violencia contra la Mujer, desde la Secretar\u00eda de Desarrollo Humano de la Municipalidad de San Pedro se desarrollar\u00e1n actividades para concientizar sobre la el problema de la violencia contra la mujer. La declaraci\u00f3n sobre la eliminaci\u00f3n de la violencia [&hellip;]<\/p>\n","protected":false},"author":4,"featured_media":43917,"comment_status":"open","ping_status":"closed","sticky":false,"template":"","format":"standard","meta":{"om_disable_all_campaigns":false,"_jetpack_memberships_contains_paid_content":false,"footnotes":""},"categories":[101,2],"tags":[],"class_list":["post-43916","post","type-post","status-publish","format-standard","has-post-thumbnail","hentry","category-interes-general-locales","category-locales"],"aioseo_notices":[],"gutentor_comment":0,"jetpack_featured_media_url":"https:\/\/eldiariodesanpedro.com.ar\/sitio\/wp-content\/uploads\/2018\/11\/Violencia-MUJER.png","jetpack_shortlink":"https:\/\/wp.me\/p6RhLt-bqk","jetpack_sharing_enabled":true,"_links":{"self":[{"href":"https:\/\/eldiariodesanpedro.com.ar\/sitio\/wp-json\/wp\/v2\/posts\/43916","targetHints":{"allow":["GET"]}}],"collection":[{"href":"https:\/\/eldiariodesanpedro.com.ar\/sitio\/wp-json\/wp\/v2\/posts"}],"about":[{"href":"https:\/\/eldiariodesanpedro.com.ar\/sitio\/wp-json\/wp\/v2\/types\/post"}],"author":[{"embeddable":true,"href":"https:\/\/eldiariodesanpedro.com.ar\/sitio\/wp-json\/wp\/v2\/users\/4"}],"replies":[{"embeddable":true,"href":"https:\/\/eldiariodesanpedro.com.ar\/sitio\/wp-json\/wp\/v2\/comments?post=43916"}],"version-history":[{"count":1,"href":"https:\/\/eldiariodesanpedro.com.ar\/sitio\/wp-json\/wp\/v2\/posts\/43916\/revisions"}],"predecessor-version":[{"id":43918,"href":"https:\/\/eldiariodesanpedro.com.ar\/sitio\/wp-json\/wp\/v2\/posts\/43916\/revisions\/43918"}],"wp:featuredmedia":[{"embeddable":true,"href":"https:\/\/eldiariodesanpedro.com.ar\/sitio\/wp-json\/wp\/v2\/media\/43917"}],"wp:attachment":[{"href":"https:\/\/eldiariodesanpedro.com.ar\/sitio\/wp-json\/wp\/v2\/media?parent=43916"}],"wp:term":[{"taxonomy":"category","embeddable":true,"href":"https:\/\/eldiariodesanpedro.com.ar\/sitio\/wp-json\/wp\/v2\/categories?post=43916"},{"taxonomy":"post_tag","embeddable":true,"href":"https:\/\/eldiariodesanpedro.com.ar\/sitio\/wp-json\/wp\/v2\/tags?post=43916"}],"curies":[{"name":"wp","href":"https:\/\/api.w.org\/{rel}","templated":true}]}}