{"id":43912,"date":"2018-11-21T18:56:41","date_gmt":"2018-11-21T21:56:41","guid":{"rendered":"https:\/\/eldiariodesanpedro.com.ar\/sitio\/?p=43912"},"modified":"2018-11-21T18:56:41","modified_gmt":"2018-11-21T21:56:41","slug":"antonio-birabent-presenta-el-29-un-disco-con-poemas-en-el-siripo","status":"publish","type":"post","link":"https:\/\/eldiariodesanpedro.com.ar\/sitio\/antonio-birabent-presenta-el-29-un-disco-con-poemas-en-el-siripo\/","title":{"rendered":"Antonio Birabent presenta el 29 un disco con poemas en el Siripo"},"content":{"rendered":"<p><!-- VideographyWP Plugin Message: Automatic video embedding prevented by plugin options. --><br \/>\nLos sampedrinos tendremos el privilegio de recibir en una de sus primeras paradas de una gira que reci\u00e9n comienza, al m\u00fasico Antonio Birabent (hijo del m\u00edtico m\u00fasico del rock nacional MORIS) quien est\u00e1 presentando el disco \u00abOficio Juglar\u00bb.<\/p>\n<p>El \u00e1lbum contempla entre otros escritos uno in\u00e9dito de Abelardo Castillo que le ley\u00f3 su viuda, Sylvia Iparraguirre.<\/p>\n<p>En las notas de prensa recientemente publicadas se refiere a esta producci\u00f3n como un \u00abexquisito equilibrio ente sus composiciones y ocho poemas de escritores contempor\u00e1neos\u00bb.<\/p>\n<p>La gira comenz\u00f3 el 3 de noviembre en la Usina del Arte y llegar\u00e1 al Teatro Siripo de nuestra ciudad el jueves 29 a las 19.30<\/p>\n<p>El show es con entrada libre y gratuita, pero por la capacidad limitada de la sala, los interesados deber\u00e1n retirar sus tickets en las oficinas de la Direcci\u00f3n de Cultura, Arnaldo 180, de 8 a 14.<\/p>\n","protected":false},"excerpt":{"rendered":"<p>Los sampedrinos tendremos el privilegio de recibir en una de sus primeras paradas de una gira que reci\u00e9n comienza, al m\u00fasico Antonio Birabent (hijo del m\u00edtico m\u00fasico del rock nacional MORIS) quien est\u00e1 presentando el disco \u00abOficio Juglar\u00bb. El \u00e1lbum contempla entre otros escritos uno in\u00e9dito de Abelardo Castillo que le ley\u00f3 su viuda, Sylvia [&hellip;]<\/p>\n","protected":false},"author":4,"featured_media":43914,"comment_status":"open","ping_status":"closed","sticky":false,"template":"","format":"standard","meta":{"om_disable_all_campaigns":false,"_jetpack_memberships_contains_paid_content":false,"footnotes":""},"categories":[101,2],"tags":[],"class_list":["post-43912","post","type-post","status-publish","format-standard","has-post-thumbnail","hentry","category-interes-general-locales","category-locales"],"aioseo_notices":[],"gutentor_comment":0,"jetpack_featured_media_url":"https:\/\/eldiariodesanpedro.com.ar\/sitio\/wp-content\/uploads\/2018\/11\/0228_Acercarte_Rojas-Dia-2_-230417-Nombre-de-archivo-original\u00bb.jpg","jetpack_shortlink":"https:\/\/wp.me\/p6RhLt-bqg","jetpack_sharing_enabled":true,"_links":{"self":[{"href":"https:\/\/eldiariodesanpedro.com.ar\/sitio\/wp-json\/wp\/v2\/posts\/43912","targetHints":{"allow":["GET"]}}],"collection":[{"href":"https:\/\/eldiariodesanpedro.com.ar\/sitio\/wp-json\/wp\/v2\/posts"}],"about":[{"href":"https:\/\/eldiariodesanpedro.com.ar\/sitio\/wp-json\/wp\/v2\/types\/post"}],"author":[{"embeddable":true,"href":"https:\/\/eldiariodesanpedro.com.ar\/sitio\/wp-json\/wp\/v2\/users\/4"}],"replies":[{"embeddable":true,"href":"https:\/\/eldiariodesanpedro.com.ar\/sitio\/wp-json\/wp\/v2\/comments?post=43912"}],"version-history":[{"count":1,"href":"https:\/\/eldiariodesanpedro.com.ar\/sitio\/wp-json\/wp\/v2\/posts\/43912\/revisions"}],"predecessor-version":[{"id":43915,"href":"https:\/\/eldiariodesanpedro.com.ar\/sitio\/wp-json\/wp\/v2\/posts\/43912\/revisions\/43915"}],"wp:featuredmedia":[{"embeddable":true,"href":"https:\/\/eldiariodesanpedro.com.ar\/sitio\/wp-json\/wp\/v2\/media\/43914"}],"wp:attachment":[{"href":"https:\/\/eldiariodesanpedro.com.ar\/sitio\/wp-json\/wp\/v2\/media?parent=43912"}],"wp:term":[{"taxonomy":"category","embeddable":true,"href":"https:\/\/eldiariodesanpedro.com.ar\/sitio\/wp-json\/wp\/v2\/categories?post=43912"},{"taxonomy":"post_tag","embeddable":true,"href":"https:\/\/eldiariodesanpedro.com.ar\/sitio\/wp-json\/wp\/v2\/tags?post=43912"}],"curies":[{"name":"wp","href":"https:\/\/api.w.org\/{rel}","templated":true}]}}