{"id":43906,"date":"2018-11-21T10:40:08","date_gmt":"2018-11-21T13:40:08","guid":{"rendered":"https:\/\/eldiariodesanpedro.com.ar\/sitio\/?p=43906"},"modified":"2026-01-24T00:09:01","modified_gmt":"2026-01-24T03:09:01","slug":"bochas-el-club-de-bochas-gano-el-selectivo-de-3ra","status":"publish","type":"post","link":"https:\/\/eldiariodesanpedro.com.ar\/sitio\/bochas-el-club-de-bochas-gano-el-selectivo-de-3ra\/","title":{"rendered":"BOCHAS: El Club de Bochas gan\u00f3 el selectivo de 3ra"},"content":{"rendered":"<p><!-- VideographyWP Plugin Message: Automatic video embedding prevented by plugin options. --><br \/>\nLa ABSP ya tiene quienes est\u00e1n clasificados en el Selectivo de Tercetos de 3ra. categor\u00eda para disputar en San Pedro el Campeonato Provincial.<br \/>\nEl Club de Bochas representados por Ra\u00fal Enrique Mi\u00f1o \u2013 Marcos Duarte y Mario P\u00e9rez le ganaron en la final al Club Atl\u00e9tico Huincal\u00f3 por 15 a 9 tantos de esta manera se determina el Equipo que representara a la Asociaci\u00f3n de Bochas de San Pedro, en el Campeonato Provincial de 3ra.Categor\u00eda de Tercetos que se llevar\u00e1 a cabo en nuestra Ciudad, denominado \u201cMart\u00edn Modesto Melgar\u201d los d\u00edas 1 y 2 de diciembre del corriente a\u00f1o.<\/p>\n<p>Los zonales que representar\u00e1n a cada zona un ganador son:<br \/>\nZona 1: Rojas, Pergamino; Z\u00e1rate, San Nicol\u00e1s y San Pedro.<br \/>\nZona 2 A: A. Brown, Ezeiza y Mor\u00f3n.<br \/>\nZona 2 B: Berisso-Ensenada, La Plata y P. Indio.<br \/>\nZona 3 A: Chacabuco, Jun\u00edn y Lincoln.<br \/>\nZona 3B: Chivilcoy, Lobos y Mercedes.<br \/>\nZona 4: Alvear, Olavarr\u00eda, Azul y Tandil.<br \/>\nZona 5: Gral Alvarado, Mar del Plata, Necochea, Villa Gesell y Tres Arroyos.<br \/>\nZona 6: C. Suarez, Pu\u00e1n, Saavedra y C. Pringles.<br \/>\nZona 7: Bah\u00eda Blanca, C de Patagones, C. Dorrego y V. Bonaerense.<\/p>\n","protected":false},"excerpt":{"rendered":"<p>La ABSP ya tiene quienes est\u00e1n clasificados en el Selectivo de Tercetos de 3ra. categor\u00eda para disputar en San Pedro el Campeonato Provincial. El Club de Bochas representados por Ra\u00fal Enrique Mi\u00f1o \u2013 Marcos Duarte y Mario P\u00e9rez le ganaron en la final al Club Atl\u00e9tico Huincal\u00f3 por 15 a 9 tantos de esta manera [&hellip;]<\/p>\n","protected":false},"author":4,"featured_media":43907,"comment_status":"open","ping_status":"closed","sticky":false,"template":"","format":"standard","meta":{"om_disable_all_campaigns":false,"_jetpack_memberships_contains_paid_content":false,"footnotes":""},"categories":[5],"tags":[],"class_list":["post-43906","post","type-post","status-publish","format-standard","has-post-thumbnail","hentry","category-deportes"],"aioseo_notices":[],"gutentor_comment":0,"jetpack_featured_media_url":"https:\/\/eldiariodesanpedro.com.ar\/sitio\/wp-content\/uploads\/2018\/11\/bochas-01.jpg","jetpack_shortlink":"https:\/\/wp.me\/p6RhLt-bqa","jetpack_sharing_enabled":true,"_links":{"self":[{"href":"https:\/\/eldiariodesanpedro.com.ar\/sitio\/wp-json\/wp\/v2\/posts\/43906","targetHints":{"allow":["GET"]}}],"collection":[{"href":"https:\/\/eldiariodesanpedro.com.ar\/sitio\/wp-json\/wp\/v2\/posts"}],"about":[{"href":"https:\/\/eldiariodesanpedro.com.ar\/sitio\/wp-json\/wp\/v2\/types\/post"}],"author":[{"embeddable":true,"href":"https:\/\/eldiariodesanpedro.com.ar\/sitio\/wp-json\/wp\/v2\/users\/4"}],"replies":[{"embeddable":true,"href":"https:\/\/eldiariodesanpedro.com.ar\/sitio\/wp-json\/wp\/v2\/comments?post=43906"}],"version-history":[{"count":1,"href":"https:\/\/eldiariodesanpedro.com.ar\/sitio\/wp-json\/wp\/v2\/posts\/43906\/revisions"}],"predecessor-version":[{"id":43908,"href":"https:\/\/eldiariodesanpedro.com.ar\/sitio\/wp-json\/wp\/v2\/posts\/43906\/revisions\/43908"}],"wp:featuredmedia":[{"embeddable":true,"href":"https:\/\/eldiariodesanpedro.com.ar\/sitio\/wp-json\/wp\/v2\/media\/43907"}],"wp:attachment":[{"href":"https:\/\/eldiariodesanpedro.com.ar\/sitio\/wp-json\/wp\/v2\/media?parent=43906"}],"wp:term":[{"taxonomy":"category","embeddable":true,"href":"https:\/\/eldiariodesanpedro.com.ar\/sitio\/wp-json\/wp\/v2\/categories?post=43906"},{"taxonomy":"post_tag","embeddable":true,"href":"https:\/\/eldiariodesanpedro.com.ar\/sitio\/wp-json\/wp\/v2\/tags?post=43906"}],"curies":[{"name":"wp","href":"https:\/\/api.w.org\/{rel}","templated":true}]}}