{"id":43903,"date":"2018-11-21T10:31:34","date_gmt":"2018-11-21T13:31:34","guid":{"rendered":"https:\/\/eldiariodesanpedro.com.ar\/sitio\/?p=43903"},"modified":"2018-11-21T10:31:34","modified_gmt":"2018-11-21T13:31:34","slug":"san-nicolas-comienzan-las-pre-inscripciones-en-el-polo-universitario-san-nicolas","status":"publish","type":"post","link":"https:\/\/eldiariodesanpedro.com.ar\/sitio\/san-nicolas-comienzan-las-pre-inscripciones-en-el-polo-universitario-san-nicolas\/","title":{"rendered":"SAN NICOL\u00c1S: Comienzan las pre inscripciones en el polo Universitario San Nicol\u00e1s"},"content":{"rendered":"<p><!-- VideographyWP Plugin Message: Automatic video embedding prevented by plugin options. --><br \/>\nEl lunes de la semana que viene se abrir\u00e1 el per\u00edodo de pre inscripciones para quienes opten por estudiar alguna de las cuatro licenciaturas que se estar\u00e1n dictando en el Polo Universitario San Nicol\u00e1s durante el ciclo 2019. Quienes deseen anotarse deben presentarse en el inmueble de calle Lavalle 112, de 8 a 12 y de 17 a 20.<br \/>\nAll\u00ed se podr\u00e1n cursar la licenciatura en Turismo merced al convenio firmado con la UPE. Tambi\u00e9n se dictar\u00e1n en 2019 la licenciatura en Enfermer\u00eda a partir del acuerdo celebrado con las autoridades de la UNTREF, y la licenciatura en Automatizaci\u00f3n y Control. Adem\u00e1s se incorporar\u00e1 la licenciatura en Gesti\u00f3n Educativa, orientada a los profesores que quieran licenciarse en esa \u00e1rea.<\/p>\n<p>Las clases ser\u00e1n dictadas por profesores de las universidades con las cuales se establecieron convenios.<\/p>\n<p>El municipio, vale recodar, sell\u00f3 acuerdos con la Universidad Nacional del Noroeste de la provincia de Buenos Aires (UNNOBA), la Universidad de La Plata (ULP), la Universidad Tecnol\u00f3gica Nacional (UTN), la Universidad Nacional de Tres de Febrero (UNTREF) y la Universidad Provincial de Ezeiza (UPE). Los t\u00edtulos otorgados tendr\u00e1n validez nacional.<\/p>\n<p>De acuerdo a lo manifestado por las autoridades a este medio, en esta primera etapa el objetivo apunta a que los t\u00e9cnicos egresados en algunas de las carreras que se cursan en los Institutos Terciarios que hay en la ciudad puedan convertirse en licenciados. Y para 2020, probablemente, se ampliar\u00e1 la oferta con carreras tradicionales para los alumnos que est\u00e1n terminando los estudios Secundarios\u201d, indic\u00f3 Sergio Ponce, referente del Polo Universitario San Nicol\u00e1s.<\/p>\n<p>\u201cVen\u00edamos trabajando junto al Instituto 38 y con el Instituto 178. Y ahora sumamos al 127 y 128 con el objeto de que las tecnicaturas que all\u00ed se dictan tengan una continuidad de grado. Cursando dos a\u00f1os m\u00e1s, esos t\u00e9cnicos superiores podr\u00e1n recibirse de licenciados\u201d, explic\u00f3. Ponce.<\/p>\n<p>Fuente: Diario El Norte<\/p>\n","protected":false},"excerpt":{"rendered":"<p>El lunes de la semana que viene se abrir\u00e1 el per\u00edodo de pre inscripciones para quienes opten por estudiar alguna de las cuatro licenciaturas que se estar\u00e1n dictando en el Polo Universitario San Nicol\u00e1s durante el ciclo 2019. Quienes deseen anotarse deben presentarse en el inmueble de calle Lavalle 112, de 8 a 12 y [&hellip;]<\/p>\n","protected":false},"author":4,"featured_media":43904,"comment_status":"open","ping_status":"closed","sticky":false,"template":"","format":"standard","meta":{"om_disable_all_campaigns":false,"_jetpack_memberships_contains_paid_content":false,"footnotes":""},"categories":[621],"tags":[],"class_list":["post-43903","post","type-post","status-publish","format-standard","has-post-thumbnail","hentry","category-regionales"],"aioseo_notices":[],"gutentor_comment":0,"jetpack_featured_media_url":"https:\/\/eldiariodesanpedro.com.ar\/sitio\/wp-content\/uploads\/2018\/11\/0_9_1.jpg","jetpack_shortlink":"https:\/\/wp.me\/p6RhLt-bq7","jetpack_sharing_enabled":true,"_links":{"self":[{"href":"https:\/\/eldiariodesanpedro.com.ar\/sitio\/wp-json\/wp\/v2\/posts\/43903","targetHints":{"allow":["GET"]}}],"collection":[{"href":"https:\/\/eldiariodesanpedro.com.ar\/sitio\/wp-json\/wp\/v2\/posts"}],"about":[{"href":"https:\/\/eldiariodesanpedro.com.ar\/sitio\/wp-json\/wp\/v2\/types\/post"}],"author":[{"embeddable":true,"href":"https:\/\/eldiariodesanpedro.com.ar\/sitio\/wp-json\/wp\/v2\/users\/4"}],"replies":[{"embeddable":true,"href":"https:\/\/eldiariodesanpedro.com.ar\/sitio\/wp-json\/wp\/v2\/comments?post=43903"}],"version-history":[{"count":1,"href":"https:\/\/eldiariodesanpedro.com.ar\/sitio\/wp-json\/wp\/v2\/posts\/43903\/revisions"}],"predecessor-version":[{"id":43905,"href":"https:\/\/eldiariodesanpedro.com.ar\/sitio\/wp-json\/wp\/v2\/posts\/43903\/revisions\/43905"}],"wp:featuredmedia":[{"embeddable":true,"href":"https:\/\/eldiariodesanpedro.com.ar\/sitio\/wp-json\/wp\/v2\/media\/43904"}],"wp:attachment":[{"href":"https:\/\/eldiariodesanpedro.com.ar\/sitio\/wp-json\/wp\/v2\/media?parent=43903"}],"wp:term":[{"taxonomy":"category","embeddable":true,"href":"https:\/\/eldiariodesanpedro.com.ar\/sitio\/wp-json\/wp\/v2\/categories?post=43903"},{"taxonomy":"post_tag","embeddable":true,"href":"https:\/\/eldiariodesanpedro.com.ar\/sitio\/wp-json\/wp\/v2\/tags?post=43903"}],"curies":[{"name":"wp","href":"https:\/\/api.w.org\/{rel}","templated":true}]}}