{"id":43900,"date":"2018-11-21T10:24:32","date_gmt":"2018-11-21T13:24:32","guid":{"rendered":"https:\/\/eldiariodesanpedro.com.ar\/sitio\/?p=43900"},"modified":"2018-11-21T10:24:32","modified_gmt":"2018-11-21T13:24:32","slug":"zarate-buscan-intensamente-a-un-joven-de-22-anos-con-retraso-madurativo","status":"publish","type":"post","link":"https:\/\/eldiariodesanpedro.com.ar\/sitio\/zarate-buscan-intensamente-a-un-joven-de-22-anos-con-retraso-madurativo\/","title":{"rendered":"Z\u00c1RATE: Buscan intensamente a un joven de 22 a\u00f1os con retraso madurativo"},"content":{"rendered":"<p><!-- VideographyWP Plugin Message: Automatic video embedding prevented by plugin options. --><br \/>\nDesde el martes 13 se busca Sebasti\u00e1n Bulotti que sufre esquizofrenia. Habr\u00eda sido visto por \u00faltima vez en Panamericana, rumbo a Z\u00e1rate-Campana.<br \/>\nEl muchacho es oriundo de barrio La Chechela, Bel\u00e9n de Escobar, Polic\u00eda, Bomberos Voluntarios de Campana y personal de Defensa Civil de Campana y Escobar, trabajan para localizarlo. Al momento de su desaparici\u00f3n vest\u00eda ropa deportiva de Boca, con bermudas y no llevaba calzado.<\/p>\n<p>La noticia fue r\u00e1pidamente viralizada a trav\u00e9s de las redes sociales. Ante cualquier informaci\u00f3n sobre su paradero se ruega llamar al 3484406159.<\/p>\n<p>Fuente: Zarate Alerta<\/p>\n","protected":false},"excerpt":{"rendered":"<p>Desde el martes 13 se busca Sebasti\u00e1n Bulotti que sufre esquizofrenia. Habr\u00eda sido visto por \u00faltima vez en Panamericana, rumbo a Z\u00e1rate-Campana. El muchacho es oriundo de barrio La Chechela, Bel\u00e9n de Escobar, Polic\u00eda, Bomberos Voluntarios de Campana y personal de Defensa Civil de Campana y Escobar, trabajan para localizarlo. Al momento de su desaparici\u00f3n [&hellip;]<\/p>\n","protected":false},"author":4,"featured_media":43901,"comment_status":"open","ping_status":"closed","sticky":false,"template":"","format":"standard","meta":{"om_disable_all_campaigns":false,"_jetpack_memberships_contains_paid_content":false,"footnotes":""},"categories":[621],"tags":[],"class_list":["post-43900","post","type-post","status-publish","format-standard","has-post-thumbnail","hentry","category-regionales"],"aioseo_notices":[],"gutentor_comment":0,"jetpack_featured_media_url":"https:\/\/eldiariodesanpedro.com.ar\/sitio\/wp-content\/uploads\/2018\/11\/zarate_15.jpg","jetpack_shortlink":"https:\/\/wp.me\/p6RhLt-bq4","jetpack_sharing_enabled":true,"_links":{"self":[{"href":"https:\/\/eldiariodesanpedro.com.ar\/sitio\/wp-json\/wp\/v2\/posts\/43900","targetHints":{"allow":["GET"]}}],"collection":[{"href":"https:\/\/eldiariodesanpedro.com.ar\/sitio\/wp-json\/wp\/v2\/posts"}],"about":[{"href":"https:\/\/eldiariodesanpedro.com.ar\/sitio\/wp-json\/wp\/v2\/types\/post"}],"author":[{"embeddable":true,"href":"https:\/\/eldiariodesanpedro.com.ar\/sitio\/wp-json\/wp\/v2\/users\/4"}],"replies":[{"embeddable":true,"href":"https:\/\/eldiariodesanpedro.com.ar\/sitio\/wp-json\/wp\/v2\/comments?post=43900"}],"version-history":[{"count":1,"href":"https:\/\/eldiariodesanpedro.com.ar\/sitio\/wp-json\/wp\/v2\/posts\/43900\/revisions"}],"predecessor-version":[{"id":43902,"href":"https:\/\/eldiariodesanpedro.com.ar\/sitio\/wp-json\/wp\/v2\/posts\/43900\/revisions\/43902"}],"wp:featuredmedia":[{"embeddable":true,"href":"https:\/\/eldiariodesanpedro.com.ar\/sitio\/wp-json\/wp\/v2\/media\/43901"}],"wp:attachment":[{"href":"https:\/\/eldiariodesanpedro.com.ar\/sitio\/wp-json\/wp\/v2\/media?parent=43900"}],"wp:term":[{"taxonomy":"category","embeddable":true,"href":"https:\/\/eldiariodesanpedro.com.ar\/sitio\/wp-json\/wp\/v2\/categories?post=43900"},{"taxonomy":"post_tag","embeddable":true,"href":"https:\/\/eldiariodesanpedro.com.ar\/sitio\/wp-json\/wp\/v2\/tags?post=43900"}],"curies":[{"name":"wp","href":"https:\/\/api.w.org\/{rel}","templated":true}]}}