{"id":43898,"date":"2018-11-21T11:00:18","date_gmt":"2018-11-21T14:00:18","guid":{"rendered":"https:\/\/eldiariodesanpedro.com.ar\/sitio\/?p=43898"},"modified":"2018-11-21T11:10:57","modified_gmt":"2018-11-21T14:10:57","slug":"aprehensiones-por-paradero-activo-y-amenazas","status":"publish","type":"post","link":"https:\/\/eldiariodesanpedro.com.ar\/sitio\/aprehensiones-por-paradero-activo-y-amenazas\/","title":{"rendered":"Aprehensiones por paradero activo y amenazas"},"content":{"rendered":"<p><!-- VideographyWP Plugin Message: Automatic video embedding prevented by plugin options. --><br \/>\nTres hechos de aprehensiones se dieron en el d\u00eda  martes por diferentes situaciones en operativos de saturaci\u00f3n. La Tosquera, Gdor Castro y nuestra ciudad fueron los puntos.<\/p>\n<p>En horas de la ma\u00f1ana personal del Destacamento La Tosquera procede a la aprehensi\u00f3n de un ciudadano de 57 a\u00f1os de edad, oriundo de ciudadela quien registra Paradero Activo solicitado por el Juzgado de Paz de Gral. Pringles en causa contravenci\u00f3n. <\/p>\n<p>La otra aprehensi\u00f3n se dio por el personal Destacamento de Gdor. Castro a un hombre de 38, quien se movilizaba a bordo de un cami\u00f3n, luego de arrojado los datos al sistema inform\u00e1tico resulta tener pedido  de paradero activo en causa judicial S\/ \u201cviolencia familiar\u201d, con intervenci\u00f3n del Juzgado de Garant\u00edas N\u00ba1 del Departamento Judicial Zarate-Campana.<\/p>\n<p>Por ultimo, cerca del mediod\u00eda, a ra\u00edz de un conflicto familiar, en una vivienda ubicada en  calle Saavedra al 480 fue aprehendida  a una joven de 27 quien momentos antes amenaza y agrede f\u00edsicamente a su hermana de 17 y a su mama de 40, resisti\u00e9ndose al momento de la aprehensi\u00f3n. <\/p>\n<p>Las victimas presentan lesiones leves, asistidas en la comisaria de la mujer local. La aprehendida permanece alojada en sede de la comisaria, a disposici\u00f3n de la fiscal\u00eda en turno de San Pedro<\/p>\n","protected":false},"excerpt":{"rendered":"<p>Tres hechos de aprehensiones se dieron en el d\u00eda martes por diferentes situaciones en operativos de saturaci\u00f3n. La Tosquera, Gdor Castro y nuestra ciudad fueron los puntos. En horas de la ma\u00f1ana personal del Destacamento La Tosquera procede a la aprehensi\u00f3n de un ciudadano de 57 a\u00f1os de edad, oriundo de ciudadela quien registra Paradero [&hellip;]<\/p>\n","protected":false},"author":4,"featured_media":30195,"comment_status":"open","ping_status":"closed","sticky":false,"template":"","format":"standard","meta":{"om_disable_all_campaigns":false,"_jetpack_memberships_contains_paid_content":false,"footnotes":""},"categories":[2,103],"tags":[],"class_list":["post-43898","post","type-post","status-publish","format-standard","has-post-thumbnail","hentry","category-locales","category-policiales-locales"],"aioseo_notices":[],"gutentor_comment":0,"jetpack_featured_media_url":"https:\/\/eldiariodesanpedro.com.ar\/sitio\/wp-content\/uploads\/2018\/03\/Aprehendido-y-ofuscado.jpg","jetpack_shortlink":"https:\/\/wp.me\/p6RhLt-bq2","jetpack_sharing_enabled":true,"_links":{"self":[{"href":"https:\/\/eldiariodesanpedro.com.ar\/sitio\/wp-json\/wp\/v2\/posts\/43898","targetHints":{"allow":["GET"]}}],"collection":[{"href":"https:\/\/eldiariodesanpedro.com.ar\/sitio\/wp-json\/wp\/v2\/posts"}],"about":[{"href":"https:\/\/eldiariodesanpedro.com.ar\/sitio\/wp-json\/wp\/v2\/types\/post"}],"author":[{"embeddable":true,"href":"https:\/\/eldiariodesanpedro.com.ar\/sitio\/wp-json\/wp\/v2\/users\/4"}],"replies":[{"embeddable":true,"href":"https:\/\/eldiariodesanpedro.com.ar\/sitio\/wp-json\/wp\/v2\/comments?post=43898"}],"version-history":[{"count":3,"href":"https:\/\/eldiariodesanpedro.com.ar\/sitio\/wp-json\/wp\/v2\/posts\/43898\/revisions"}],"predecessor-version":[{"id":43911,"href":"https:\/\/eldiariodesanpedro.com.ar\/sitio\/wp-json\/wp\/v2\/posts\/43898\/revisions\/43911"}],"wp:featuredmedia":[{"embeddable":true,"href":"https:\/\/eldiariodesanpedro.com.ar\/sitio\/wp-json\/wp\/v2\/media\/30195"}],"wp:attachment":[{"href":"https:\/\/eldiariodesanpedro.com.ar\/sitio\/wp-json\/wp\/v2\/media?parent=43898"}],"wp:term":[{"taxonomy":"category","embeddable":true,"href":"https:\/\/eldiariodesanpedro.com.ar\/sitio\/wp-json\/wp\/v2\/categories?post=43898"},{"taxonomy":"post_tag","embeddable":true,"href":"https:\/\/eldiariodesanpedro.com.ar\/sitio\/wp-json\/wp\/v2\/tags?post=43898"}],"curies":[{"name":"wp","href":"https:\/\/api.w.org\/{rel}","templated":true}]}}