{"id":43895,"date":"2018-11-21T10:14:19","date_gmt":"2018-11-21T13:14:19","guid":{"rendered":"https:\/\/eldiariodesanpedro.com.ar\/sitio\/?p=43895"},"modified":"2018-11-21T10:14:19","modified_gmt":"2018-11-21T13:14:19","slug":"campana-diez-anos-despues-confirman-la-condena-a-perpetua-para-los-4-asesinos-de-una-familia","status":"publish","type":"post","link":"https:\/\/eldiariodesanpedro.com.ar\/sitio\/campana-diez-anos-despues-confirman-la-condena-a-perpetua-para-los-4-asesinos-de-una-familia\/","title":{"rendered":"CAMPANA: Diez a\u00f1os despu\u00e9s, confirman la condena a perpetua para los 4 asesinos de una familia"},"content":{"rendered":"<p><!-- VideographyWP Plugin Message: Automatic video embedding prevented by plugin options. --><br \/>\nEl caso, conocido como el cu\u00e1druple crimen de Campana, tuvo gran impacto en 2008 porque uno de los detenidos y ahora condenado, Angel Antonio Fern\u00e1ndez, cumpl\u00eda prisi\u00f3n domiciliaria por otro asesinato y hab\u00eda violado el sistema de la tobillera electr\u00f3nica.<br \/>\nMarcelo Mansilla y Sandra Rabago. La hip\u00f3tesis es que los mataron por una venganza.<\/p>\n<p>Diez a\u00f1os despu\u00e9s del brutal homicidio de la familia Mansilla, fuentes judiciales informaron que la Suprema Corte Bonaerense confirm\u00f3 las condenas para Fern\u00e1ndez y los otros tres detenidos por el cu\u00e1druple crimen: su hijo, Cristian David Fern\u00e1ndez; su esposa, Stella Maris C\u00e1ceres; y su socio, Daniel Dar\u00edo \u201cSordo\u201d Vera.<\/p>\n<p>El fallo del m\u00e1ximo tribunal de la provincia de Buenos Aires coincidi\u00f3 con el del Tribunal Oral en lo Criminal de Z\u00e1rate-Campana, que en septiembre de 2011 hab\u00eda establecido que los tres hombres fueron responsables de cuatro \u201chomicidios calificados por el concurso premeditado de dos o m\u00e1s personas con alevos\u00eda\u201c, luego de privar de la libertad a sus v\u00edctimas y robarles.<\/p>\n<p>En esa misma sentencia, la \u00fanica mujer detenida, C\u00e1ceres, tambi\u00e9n fue hallada responsable de los cuatro homicidios, aunque en su caso no se acredit\u00f3 culpa en la \u201cprivaci\u00f3n ilegal de la libertad\u201d de la familia Mansilla.<\/p>\n<p>Adem\u00e1s, la Justicia ratific\u00f3 la inocencia de un hermano de la mujer, Osvaldo C\u00e1ceres. \u201cQued\u00f3 definitivamente libre de culpa tras este fallo y se confirmaron todas las condenas\u201d, dijo su abogado, Hugo L\u00f3pez Carribero, quien agreg\u00f3 que podr\u00e1n pedir la libertad condicional a los 35 a\u00f1os de haber cumplido la pena.<\/p>\n<p>El caso<\/p>\n<p>El crimen de la familia Mansilla conmocion\u00f3 a la sociedad. Aquel 24 de julio de 2008 por la madrugada una banda de ladrones entr\u00f3 a la casa que compart\u00edan en Jos\u00e9 C. Paz y se llevaron cautivos a la pareja y a sus hijos. Tambi\u00e9n desapareci\u00f3 su Volkswagen Polo.<\/p>\n<p>Cinco d\u00edas despu\u00e9s, la pareja apareci\u00f3 asesinada a mazazos en un descampado cercano a la autopista Panamericana, en el kil\u00f3metro 60 del ramal Campana, a la altura de Altos Los Cardales. Y el coche robado a los Mansilla fue hallado incendiado al d\u00eda siguiente en Los Polvorines.<\/p>\n<p>La investigaci\u00f3n avanz\u00f3 r\u00e1pidamente: allanaron una casa en el barrio Frino de Jos\u00e9 C. Paz, donde testigos hab\u00edan visto el coche el mismo d\u00eda en que la familia desapareci\u00f3. All\u00ed apresaron a \u00c1ngel Fern\u00e1ndez, que ten\u00eda prisi\u00f3n domiciliaria por un homicidio y estaba monitoreado con una tobillera electr\u00f3nica que aparentemente no funcionaba. Al detenerlo, los polic\u00edas tambi\u00e9n hallaron elementos robados a los Mansilla.<\/p>\n<p>A las 24 horas del arresto de Fern\u00e1ndez, su hijo, Cristian, revel\u00f3 que los hijos de los Mansilla estaban muertos y dio datos a la Polic\u00eda para que hallara sus cuerpos. Eso ocurri\u00f3 el 2 de agosto. Estaban al costado de la Panamericana, en otro descampado, seis kil\u00f3metros m\u00e1s adelante de donde hab\u00edan sido encontrados los cad\u00e1veres de sus padres.<\/p>\n<p>La autopsia realizada por los peritos del Cuerpo M\u00e9dico Forense hab\u00eda determinado que los cuatro integrantes de la familia Mansilla fueron asesinados de varios golpes en la cabeza, posiblemente con un hacha. Adem\u00e1s, se determin\u00f3 que a los chicos los narcotizaron antes de asesinarlos a mazazos; siete golpes le dieron a Agust\u00edn, dos a Milagros.<\/p>\n<p>M\u00e1s tarde, los investigadores determinaron que el \u201cSordo\u201d Vera habr\u00eda participado junto a los Fern\u00e1ndez del robo y saqueo de la casa de los Mansilla, ya que fue visto por un testigo descargando electrodom\u00e9sticos del auto robado a la familia.<\/p>\n<p>La hip\u00f3tesis del caso, en su momento, fue que los Mansilla conoc\u00edan a quienes los mataron desde principios de los 90 porque eran vecinos \u2013y hasta amigos\u2013 en el barrio Frino. Se sospech\u00f3 siempre que el m\u00f3vil del crimen hab\u00eda sido una venganza, ya que supuestamente Rabago hab\u00eda declarado contra \u00c1ngel Fern\u00e1ndez en un juicio.<\/p>\n<p>Fuente: T\u00e9lam.<\/p>\n","protected":false},"excerpt":{"rendered":"<p>El caso, conocido como el cu\u00e1druple crimen de Campana, tuvo gran impacto en 2008 porque uno de los detenidos y ahora condenado, Angel Antonio Fern\u00e1ndez, cumpl\u00eda prisi\u00f3n domiciliaria por otro asesinato y hab\u00eda violado el sistema de la tobillera electr\u00f3nica. Marcelo Mansilla y Sandra Rabago. La hip\u00f3tesis es que los mataron por una venganza. Diez [&hellip;]<\/p>\n","protected":false},"author":4,"featured_media":43896,"comment_status":"open","ping_status":"closed","sticky":false,"template":"","format":"standard","meta":{"om_disable_all_campaigns":false,"_jetpack_memberships_contains_paid_content":false,"footnotes":""},"categories":[621],"tags":[],"class_list":["post-43895","post","type-post","status-publish","format-standard","has-post-thumbnail","hentry","category-regionales"],"aioseo_notices":[],"gutentor_comment":0,"jetpack_featured_media_url":"https:\/\/eldiariodesanpedro.com.ar\/sitio\/wp-content\/uploads\/2018\/11\/zarate_14.jpg","jetpack_shortlink":"https:\/\/wp.me\/p6RhLt-bpZ","jetpack_sharing_enabled":true,"_links":{"self":[{"href":"https:\/\/eldiariodesanpedro.com.ar\/sitio\/wp-json\/wp\/v2\/posts\/43895","targetHints":{"allow":["GET"]}}],"collection":[{"href":"https:\/\/eldiariodesanpedro.com.ar\/sitio\/wp-json\/wp\/v2\/posts"}],"about":[{"href":"https:\/\/eldiariodesanpedro.com.ar\/sitio\/wp-json\/wp\/v2\/types\/post"}],"author":[{"embeddable":true,"href":"https:\/\/eldiariodesanpedro.com.ar\/sitio\/wp-json\/wp\/v2\/users\/4"}],"replies":[{"embeddable":true,"href":"https:\/\/eldiariodesanpedro.com.ar\/sitio\/wp-json\/wp\/v2\/comments?post=43895"}],"version-history":[{"count":1,"href":"https:\/\/eldiariodesanpedro.com.ar\/sitio\/wp-json\/wp\/v2\/posts\/43895\/revisions"}],"predecessor-version":[{"id":43899,"href":"https:\/\/eldiariodesanpedro.com.ar\/sitio\/wp-json\/wp\/v2\/posts\/43895\/revisions\/43899"}],"wp:featuredmedia":[{"embeddable":true,"href":"https:\/\/eldiariodesanpedro.com.ar\/sitio\/wp-json\/wp\/v2\/media\/43896"}],"wp:attachment":[{"href":"https:\/\/eldiariodesanpedro.com.ar\/sitio\/wp-json\/wp\/v2\/media?parent=43895"}],"wp:term":[{"taxonomy":"category","embeddable":true,"href":"https:\/\/eldiariodesanpedro.com.ar\/sitio\/wp-json\/wp\/v2\/categories?post=43895"},{"taxonomy":"post_tag","embeddable":true,"href":"https:\/\/eldiariodesanpedro.com.ar\/sitio\/wp-json\/wp\/v2\/tags?post=43895"}],"curies":[{"name":"wp","href":"https:\/\/api.w.org\/{rel}","templated":true}]}}