{"id":43880,"date":"2018-11-21T09:52:05","date_gmt":"2018-11-21T12:52:05","guid":{"rendered":"https:\/\/eldiariodesanpedro.com.ar\/sitio\/?p=43880"},"modified":"2018-11-21T10:00:32","modified_gmt":"2018-11-21T13:00:32","slug":"entrega-distinciones-por-el-circulo-de-periodistas-deportivos-de-san-pedro","status":"publish","type":"post","link":"https:\/\/eldiariodesanpedro.com.ar\/sitio\/entrega-distinciones-por-el-circulo-de-periodistas-deportivos-de-san-pedro\/","title":{"rendered":"Entrega Distinciones por el Circulo de Periodistas Deportivos de San Pedro"},"content":{"rendered":"<p><!-- VideographyWP Plugin Message: Automatic video embedding prevented by plugin options. --><br \/>\nPor primera vez en Bar Butti, ante un colmado sal\u00f3n, se efectu\u00f3 la \u00faltima entrega peri\u00f3dica de distinciones del 2018, como siempre emprendida por el Circulo de Periodistas Deportivos de San Pedro y los premiados en esta ceremonia fueron:<\/p>\n<p>Atletismo: Rodrigo Salazar, (Subcampe\u00f3n Nacional en 3000 mts. Con Obst\u00e1culos)<br \/>\nB\u00e1squet: Benjam\u00edn Terr\u00e9 y Nehu\u00e9n Scarmozzino, (Sub Campeones Provinciales con la Selecci\u00f3n \u201cU 13\u201d)<br \/>\nCiclismo: Cristian Oscar Basualdo, (Campe\u00f3n Argentino de Velocidad)<br \/>\nL\u00e1zaro Villarruel, (Campe\u00f3n Argentino de Kil\u00f3metro, ambos en el Vel\u00f3dromo de Jun\u00edn, Octubre 2018)<br \/>\nHockey: 5ta Divisi\u00f3n Club Atl\u00e9tico Los Andes,  (Subcampeonas de Asociaci\u00f3n Hockey del Oeste)<br \/>\nEquipo de Optimist Club N\u00e1utico San Pedro, (Campe\u00f3n del Gran Prix del Litoral)<br \/>\nRugby: Sub 16 Tiro Federal, (Campe\u00f3n del Grupo 1 de la URBA)<\/p>\n<p>Formulamos la invitaci\u00f3n para participar de la gran fiesta del deporte Sampedrino, \u201cPerlas Deportivas 2018\u201d. El Mi\u00e9rcoles 12 de Diciembre en Sociedad Italiana se realizar\u00e1 la entrega de diplomas a ternados y el lunes 17 la fiesta del deporte en Club La Esperanza.<\/p>\n<p><img decoding=\"async\" data-attachment-id=\"43881\" data-permalink=\"https:\/\/eldiariodesanpedro.com.ar\/sitio\/entrega-distinciones-por-el-circulo-de-periodistas-deportivos-de-san-pedro\/6-equipo-de-rugby-tf-6\/\" data-orig-file=\"https:\/\/eldiariodesanpedro.com.ar\/sitio\/wp-content\/uploads\/2018\/11\/6-equipo-de-rugby-TF-6.jpg\" data-orig-size=\"800,466\" data-comments-opened=\"1\" data-image-meta=\"{&quot;aperture&quot;:&quot;0&quot;,&quot;credit&quot;:&quot;&quot;,&quot;camera&quot;:&quot;&quot;,&quot;caption&quot;:&quot;&quot;,&quot;created_timestamp&quot;:&quot;0&quot;,&quot;copyright&quot;:&quot;&quot;,&quot;focal_length&quot;:&quot;0&quot;,&quot;iso&quot;:&quot;0&quot;,&quot;shutter_speed&quot;:&quot;0&quot;,&quot;title&quot;:&quot;&quot;,&quot;orientation&quot;:&quot;0&quot;}\" data-image-title=\"6) equipo de rugby TF (6)\" data-image-description=\"\" data-image-caption=\"\" data-large-file=\"https:\/\/eldiariodesanpedro.com.ar\/sitio\/wp-content\/uploads\/2018\/11\/6-equipo-de-rugby-TF-6.jpg\" data-src=\"https:\/\/eldiariodesanpedro.com.ar\/sitio\/wp-content\/uploads\/2018\/11\/6-equipo-de-rugby-TF-6.jpg\" alt=\"\" width=\"800\" height=\"466\" class=\"alignnone size-full wp-image-43881 lazyload\" data-srcset=\"https:\/\/eldiariodesanpedro.com.ar\/sitio\/wp-content\/uploads\/2018\/11\/6-equipo-de-rugby-TF-6.jpg 800w, https:\/\/eldiariodesanpedro.com.ar\/sitio\/wp-content\/uploads\/2018\/11\/6-equipo-de-rugby-TF-6-300x175.jpg 300w, https:\/\/eldiariodesanpedro.com.ar\/sitio\/wp-content\/uploads\/2018\/11\/6-equipo-de-rugby-TF-6-768x447.jpg 768w\" data-sizes=\"(max-width: 800px) 100vw, 800px\" src=\"data:image\/svg+xml;base64,PHN2ZyB3aWR0aD0iMSIgaGVpZ2h0PSIxIiB4bWxucz0iaHR0cDovL3d3dy53My5vcmcvMjAwMC9zdmciPjwvc3ZnPg==\" style=\"--smush-placeholder-width: 800px; --smush-placeholder-aspect-ratio: 800\/466;\" \/><\/p>\n<p><img decoding=\"async\" data-attachment-id=\"43886\" data-permalink=\"https:\/\/eldiariodesanpedro.com.ar\/sitio\/entrega-distinciones-por-el-circulo-de-periodistas-deportivos-de-san-pedro\/5-equipo-de-optimist-cnsp-5\/\" data-orig-file=\"https:\/\/eldiariodesanpedro.com.ar\/sitio\/wp-content\/uploads\/2018\/11\/5-equipo-de-optimist-CNSP-5.jpg\" data-orig-size=\"800,583\" data-comments-opened=\"1\" data-image-meta=\"{&quot;aperture&quot;:&quot;0&quot;,&quot;credit&quot;:&quot;&quot;,&quot;camera&quot;:&quot;&quot;,&quot;caption&quot;:&quot;&quot;,&quot;created_timestamp&quot;:&quot;0&quot;,&quot;copyright&quot;:&quot;&quot;,&quot;focal_length&quot;:&quot;0&quot;,&quot;iso&quot;:&quot;0&quot;,&quot;shutter_speed&quot;:&quot;0&quot;,&quot;title&quot;:&quot;&quot;,&quot;orientation&quot;:&quot;0&quot;}\" data-image-title=\"5) equipo de optimist CNSP (5)\" data-image-description=\"\" data-image-caption=\"\" data-large-file=\"https:\/\/eldiariodesanpedro.com.ar\/sitio\/wp-content\/uploads\/2018\/11\/5-equipo-de-optimist-CNSP-5.jpg\" data-src=\"https:\/\/eldiariodesanpedro.com.ar\/sitio\/wp-content\/uploads\/2018\/11\/5-equipo-de-optimist-CNSP-5.jpg\" alt=\"\" width=\"800\" height=\"583\" class=\"alignnone size-full wp-image-43886 lazyload\" data-srcset=\"https:\/\/eldiariodesanpedro.com.ar\/sitio\/wp-content\/uploads\/2018\/11\/5-equipo-de-optimist-CNSP-5.jpg 800w, https:\/\/eldiariodesanpedro.com.ar\/sitio\/wp-content\/uploads\/2018\/11\/5-equipo-de-optimist-CNSP-5-300x219.jpg 300w, https:\/\/eldiariodesanpedro.com.ar\/sitio\/wp-content\/uploads\/2018\/11\/5-equipo-de-optimist-CNSP-5-768x560.jpg 768w\" data-sizes=\"(max-width: 800px) 100vw, 800px\" src=\"data:image\/svg+xml;base64,PHN2ZyB3aWR0aD0iMSIgaGVpZ2h0PSIxIiB4bWxucz0iaHR0cDovL3d3dy53My5vcmcvMjAwMC9zdmciPjwvc3ZnPg==\" style=\"--smush-placeholder-width: 800px; --smush-placeholder-aspect-ratio: 800\/583;\" \/><\/p>\n<p><img decoding=\"async\" data-attachment-id=\"43885\" data-permalink=\"https:\/\/eldiariodesanpedro.com.ar\/sitio\/entrega-distinciones-por-el-circulo-de-periodistas-deportivos-de-san-pedro\/4-hockey-cala-4\/\" data-orig-file=\"https:\/\/eldiariodesanpedro.com.ar\/sitio\/wp-content\/uploads\/2018\/11\/4-h\u00f3ckey-CALA-4.jpg\" data-orig-size=\"800,522\" data-comments-opened=\"1\" data-image-meta=\"{&quot;aperture&quot;:&quot;0&quot;,&quot;credit&quot;:&quot;&quot;,&quot;camera&quot;:&quot;&quot;,&quot;caption&quot;:&quot;&quot;,&quot;created_timestamp&quot;:&quot;0&quot;,&quot;copyright&quot;:&quot;&quot;,&quot;focal_length&quot;:&quot;0&quot;,&quot;iso&quot;:&quot;0&quot;,&quot;shutter_speed&quot;:&quot;0&quot;,&quot;title&quot;:&quot;&quot;,&quot;orientation&quot;:&quot;0&quot;}\" data-image-title=\"4) h\u00f3ckey CALA (4)\" data-image-description=\"\" data-image-caption=\"\" data-large-file=\"https:\/\/eldiariodesanpedro.com.ar\/sitio\/wp-content\/uploads\/2018\/11\/4-h\u00f3ckey-CALA-4.jpg\" data-src=\"https:\/\/eldiariodesanpedro.com.ar\/sitio\/wp-content\/uploads\/2018\/11\/4-h\u00f3ckey-CALA-4.jpg\" alt=\"\" width=\"660\" height=\"431\" class=\"alignnone size-large wp-image-43885 lazyload\" data-srcset=\"https:\/\/eldiariodesanpedro.com.ar\/sitio\/wp-content\/uploads\/2018\/11\/4-h\u00f3ckey-CALA-4.jpg 800w, https:\/\/eldiariodesanpedro.com.ar\/sitio\/wp-content\/uploads\/2018\/11\/4-h\u00f3ckey-CALA-4-300x196.jpg 300w, https:\/\/eldiariodesanpedro.com.ar\/sitio\/wp-content\/uploads\/2018\/11\/4-h\u00f3ckey-CALA-4-768x501.jpg 768w\" data-sizes=\"(max-width: 660px) 100vw, 660px\" src=\"data:image\/svg+xml;base64,PHN2ZyB3aWR0aD0iMSIgaGVpZ2h0PSIxIiB4bWxucz0iaHR0cDovL3d3dy53My5vcmcvMjAwMC9zdmciPjwvc3ZnPg==\" style=\"--smush-placeholder-width: 660px; --smush-placeholder-aspect-ratio: 660\/431;\" \/><\/p>\n<p><img decoding=\"async\" data-attachment-id=\"43884\" data-permalink=\"https:\/\/eldiariodesanpedro.com.ar\/sitio\/entrega-distinciones-por-el-circulo-de-periodistas-deportivos-de-san-pedro\/3-cristian-basualdo-marmo-y-lazaro-villarruel-3\/\" data-orig-file=\"https:\/\/eldiariodesanpedro.com.ar\/sitio\/wp-content\/uploads\/2018\/11\/3-Cristian-Basualdo-Marmo-y-Lazaro-Villarruel-3.jpg\" data-orig-size=\"800,537\" data-comments-opened=\"1\" data-image-meta=\"{&quot;aperture&quot;:&quot;0&quot;,&quot;credit&quot;:&quot;&quot;,&quot;camera&quot;:&quot;&quot;,&quot;caption&quot;:&quot;&quot;,&quot;created_timestamp&quot;:&quot;0&quot;,&quot;copyright&quot;:&quot;&quot;,&quot;focal_length&quot;:&quot;0&quot;,&quot;iso&quot;:&quot;0&quot;,&quot;shutter_speed&quot;:&quot;0&quot;,&quot;title&quot;:&quot;&quot;,&quot;orientation&quot;:&quot;0&quot;}\" data-image-title=\"3) Cristian Basualdo (Marmo) y Lazaro Villarruel (3)\" data-image-description=\"\" data-image-caption=\"\" data-large-file=\"https:\/\/eldiariodesanpedro.com.ar\/sitio\/wp-content\/uploads\/2018\/11\/3-Cristian-Basualdo-Marmo-y-Lazaro-Villarruel-3.jpg\" data-src=\"https:\/\/eldiariodesanpedro.com.ar\/sitio\/wp-content\/uploads\/2018\/11\/3-Cristian-Basualdo-Marmo-y-Lazaro-Villarruel-3.jpg\" alt=\"\" width=\"660\" height=\"443\" class=\"alignnone size-large wp-image-43884 lazyload\" data-srcset=\"https:\/\/eldiariodesanpedro.com.ar\/sitio\/wp-content\/uploads\/2018\/11\/3-Cristian-Basualdo-Marmo-y-Lazaro-Villarruel-3.jpg 800w, https:\/\/eldiariodesanpedro.com.ar\/sitio\/wp-content\/uploads\/2018\/11\/3-Cristian-Basualdo-Marmo-y-Lazaro-Villarruel-3-300x201.jpg 300w, https:\/\/eldiariodesanpedro.com.ar\/sitio\/wp-content\/uploads\/2018\/11\/3-Cristian-Basualdo-Marmo-y-Lazaro-Villarruel-3-768x516.jpg 768w\" data-sizes=\"(max-width: 660px) 100vw, 660px\" src=\"data:image\/svg+xml;base64,PHN2ZyB3aWR0aD0iMSIgaGVpZ2h0PSIxIiB4bWxucz0iaHR0cDovL3d3dy53My5vcmcvMjAwMC9zdmciPjwvc3ZnPg==\" style=\"--smush-placeholder-width: 660px; --smush-placeholder-aspect-ratio: 660\/443;\" \/><\/p>\n<p><img decoding=\"async\" data-attachment-id=\"43883\" data-permalink=\"https:\/\/eldiariodesanpedro.com.ar\/sitio\/entrega-distinciones-por-el-circulo-de-periodistas-deportivos-de-san-pedro\/2-terre-y-scarmozzino-2\/\" data-orig-file=\"https:\/\/eldiariodesanpedro.com.ar\/sitio\/wp-content\/uploads\/2018\/11\/2-Terr\u00e9-y-Scarmozzino-2.jpg\" data-orig-size=\"800,634\" data-comments-opened=\"1\" data-image-meta=\"{&quot;aperture&quot;:&quot;0&quot;,&quot;credit&quot;:&quot;&quot;,&quot;camera&quot;:&quot;&quot;,&quot;caption&quot;:&quot;&quot;,&quot;created_timestamp&quot;:&quot;0&quot;,&quot;copyright&quot;:&quot;&quot;,&quot;focal_length&quot;:&quot;0&quot;,&quot;iso&quot;:&quot;0&quot;,&quot;shutter_speed&quot;:&quot;0&quot;,&quot;title&quot;:&quot;&quot;,&quot;orientation&quot;:&quot;0&quot;}\" data-image-title=\"2) Terr\u00e9 y Scarmozzino 2\" data-image-description=\"\" data-image-caption=\"\" data-large-file=\"https:\/\/eldiariodesanpedro.com.ar\/sitio\/wp-content\/uploads\/2018\/11\/2-Terr\u00e9-y-Scarmozzino-2.jpg\" data-src=\"https:\/\/eldiariodesanpedro.com.ar\/sitio\/wp-content\/uploads\/2018\/11\/2-Terr\u00e9-y-Scarmozzino-2.jpg\" alt=\"\" width=\"660\" height=\"523\" class=\"alignnone size-large wp-image-43883 lazyload\" data-srcset=\"https:\/\/eldiariodesanpedro.com.ar\/sitio\/wp-content\/uploads\/2018\/11\/2-Terr\u00e9-y-Scarmozzino-2.jpg 800w, https:\/\/eldiariodesanpedro.com.ar\/sitio\/wp-content\/uploads\/2018\/11\/2-Terr\u00e9-y-Scarmozzino-2-300x238.jpg 300w, https:\/\/eldiariodesanpedro.com.ar\/sitio\/wp-content\/uploads\/2018\/11\/2-Terr\u00e9-y-Scarmozzino-2-768x609.jpg 768w\" data-sizes=\"(max-width: 660px) 100vw, 660px\" src=\"data:image\/svg+xml;base64,PHN2ZyB3aWR0aD0iMSIgaGVpZ2h0PSIxIiB4bWxucz0iaHR0cDovL3d3dy53My5vcmcvMjAwMC9zdmciPjwvc3ZnPg==\" style=\"--smush-placeholder-width: 660px; --smush-placeholder-aspect-ratio: 660\/523;\" \/><\/p>\n<p><img decoding=\"async\" data-attachment-id=\"43882\" data-permalink=\"https:\/\/eldiariodesanpedro.com.ar\/sitio\/entrega-distinciones-por-el-circulo-de-periodistas-deportivos-de-san-pedro\/1-rodrigo-salazar\/\" data-orig-file=\"https:\/\/eldiariodesanpedro.com.ar\/sitio\/wp-content\/uploads\/2018\/11\/1-Rodrigo-Salazar.jpg\" data-orig-size=\"804,908\" data-comments-opened=\"1\" data-image-meta=\"{&quot;aperture&quot;:&quot;0&quot;,&quot;credit&quot;:&quot;&quot;,&quot;camera&quot;:&quot;&quot;,&quot;caption&quot;:&quot;&quot;,&quot;created_timestamp&quot;:&quot;0&quot;,&quot;copyright&quot;:&quot;&quot;,&quot;focal_length&quot;:&quot;0&quot;,&quot;iso&quot;:&quot;0&quot;,&quot;shutter_speed&quot;:&quot;0&quot;,&quot;title&quot;:&quot;&quot;,&quot;orientation&quot;:&quot;0&quot;}\" data-image-title=\"1) Rodrigo Salazar\" data-image-description=\"\" data-image-caption=\"\" data-large-file=\"https:\/\/eldiariodesanpedro.com.ar\/sitio\/wp-content\/uploads\/2018\/11\/1-Rodrigo-Salazar.jpg\" data-src=\"https:\/\/eldiariodesanpedro.com.ar\/sitio\/wp-content\/uploads\/2018\/11\/1-Rodrigo-Salazar.jpg\" alt=\"\" width=\"660\" height=\"745\" class=\"alignnone size-large wp-image-43882 lazyload\" data-srcset=\"https:\/\/eldiariodesanpedro.com.ar\/sitio\/wp-content\/uploads\/2018\/11\/1-Rodrigo-Salazar.jpg 804w, https:\/\/eldiariodesanpedro.com.ar\/sitio\/wp-content\/uploads\/2018\/11\/1-Rodrigo-Salazar-266x300.jpg 266w, https:\/\/eldiariodesanpedro.com.ar\/sitio\/wp-content\/uploads\/2018\/11\/1-Rodrigo-Salazar-768x867.jpg 768w\" data-sizes=\"(max-width: 660px) 100vw, 660px\" src=\"data:image\/svg+xml;base64,PHN2ZyB3aWR0aD0iMSIgaGVpZ2h0PSIxIiB4bWxucz0iaHR0cDovL3d3dy53My5vcmcvMjAwMC9zdmciPjwvc3ZnPg==\" style=\"--smush-placeholder-width: 660px; --smush-placeholder-aspect-ratio: 660\/745;\" \/><\/p>\n<p>FOTOS: Jos\u00e9 Miguel Guidi<\/p>\n","protected":false},"excerpt":{"rendered":"<p>Por primera vez en Bar Butti, ante un colmado sal\u00f3n, se efectu\u00f3 la \u00faltima entrega peri\u00f3dica de distinciones del 2018, como siempre emprendida por el Circulo de Periodistas Deportivos de San Pedro y los premiados en esta ceremonia fueron: Atletismo: Rodrigo Salazar, (Subcampe\u00f3n Nacional en 3000 mts. Con Obst\u00e1culos) B\u00e1squet: Benjam\u00edn Terr\u00e9 y Nehu\u00e9n Scarmozzino, [&hellip;]<\/p>\n","protected":false},"author":4,"featured_media":43885,"comment_status":"open","ping_status":"closed","sticky":false,"template":"","format":"standard","meta":{"om_disable_all_campaigns":false,"_jetpack_memberships_contains_paid_content":false,"footnotes":""},"categories":[101,2],"tags":[],"class_list":["post-43880","post","type-post","status-publish","format-standard","has-post-thumbnail","hentry","category-interes-general-locales","category-locales"],"aioseo_notices":[],"gutentor_comment":0,"jetpack_featured_media_url":"https:\/\/eldiariodesanpedro.com.ar\/sitio\/wp-content\/uploads\/2018\/11\/4-h\u00f3ckey-CALA-4.jpg","jetpack_shortlink":"https:\/\/wp.me\/p6RhLt-bpK","jetpack_sharing_enabled":true,"_links":{"self":[{"href":"https:\/\/eldiariodesanpedro.com.ar\/sitio\/wp-json\/wp\/v2\/posts\/43880","targetHints":{"allow":["GET"]}}],"collection":[{"href":"https:\/\/eldiariodesanpedro.com.ar\/sitio\/wp-json\/wp\/v2\/posts"}],"about":[{"href":"https:\/\/eldiariodesanpedro.com.ar\/sitio\/wp-json\/wp\/v2\/types\/post"}],"author":[{"embeddable":true,"href":"https:\/\/eldiariodesanpedro.com.ar\/sitio\/wp-json\/wp\/v2\/users\/4"}],"replies":[{"embeddable":true,"href":"https:\/\/eldiariodesanpedro.com.ar\/sitio\/wp-json\/wp\/v2\/comments?post=43880"}],"version-history":[{"count":1,"href":"https:\/\/eldiariodesanpedro.com.ar\/sitio\/wp-json\/wp\/v2\/posts\/43880\/revisions"}],"predecessor-version":[{"id":43887,"href":"https:\/\/eldiariodesanpedro.com.ar\/sitio\/wp-json\/wp\/v2\/posts\/43880\/revisions\/43887"}],"wp:featuredmedia":[{"embeddable":true,"href":"https:\/\/eldiariodesanpedro.com.ar\/sitio\/wp-json\/wp\/v2\/media\/43885"}],"wp:attachment":[{"href":"https:\/\/eldiariodesanpedro.com.ar\/sitio\/wp-json\/wp\/v2\/media?parent=43880"}],"wp:term":[{"taxonomy":"category","embeddable":true,"href":"https:\/\/eldiariodesanpedro.com.ar\/sitio\/wp-json\/wp\/v2\/categories?post=43880"},{"taxonomy":"post_tag","embeddable":true,"href":"https:\/\/eldiariodesanpedro.com.ar\/sitio\/wp-json\/wp\/v2\/tags?post=43880"}],"curies":[{"name":"wp","href":"https:\/\/api.w.org\/{rel}","templated":true}]}}