{"id":43876,"date":"2018-11-21T09:41:38","date_gmt":"2018-11-21T12:41:38","guid":{"rendered":"https:\/\/eldiariodesanpedro.com.ar\/sitio\/?p=43876"},"modified":"2018-11-21T09:41:38","modified_gmt":"2018-11-21T12:41:38","slug":"presentacion-del-libro-expedicion-atlantis-en-el-club-nautico","status":"publish","type":"post","link":"https:\/\/eldiariodesanpedro.com.ar\/sitio\/presentacion-del-libro-expedicion-atlantis-en-el-club-nautico\/","title":{"rendered":"Presentaci\u00f3n del Libro Expedici\u00f3n Atlantis en el Club Nautico"},"content":{"rendered":"<p><!-- VideographyWP Plugin Message: Automatic video embedding prevented by plugin options. --><br \/>\nEl pr\u00f3ximo viernes 30 de Noviembre a las 20 en el Club Viejo brindar\u00e1 una charla abierta a socios y no socios con entrada libre y gratuita, el Dr. Alfredo Barrag\u00e1n, gestor y protagonista de la traves\u00eda del Atlantis con la que cruzaron en balsa el Oc\u00e9ano Atl\u00e1ntico durante 52 d\u00edas en 1984.<\/p>\n<p>La maravillosa experiencia con la que se lanz\u00f3 junto a otros tripulantes a este desaf\u00edo ha sido publicada en el libro Expedici\u00f3n Atlantis que ser\u00e1 presentado oficialmente en esta ocasi\u00f3n. Junto a la proyecci\u00f3n de un audiovisual que recrea la hist\u00f3rica expedici\u00f3n, el Gran Capit\u00e1n de esta balsa repasar\u00e1 an\u00e9cdotas, vivencias y conclusiones a 34 a\u00f1os de este hito en la navegaci\u00f3n. <\/p>\n<p>El Dr. Barrag\u00e1n estar\u00e1 acompa\u00f1ado por el sampedrino Fernando Bravo como moderador del encuentro en el que habr\u00e1 espacio para formular preguntas y dialogar con el autor. <\/p>\n<p><img decoding=\"async\" data-attachment-id=\"43878\" data-permalink=\"https:\/\/eldiariodesanpedro.com.ar\/sitio\/presentacion-del-libro-expedicion-atlantis-en-el-club-nautico\/barragan1\/\" data-orig-file=\"https:\/\/eldiariodesanpedro.com.ar\/sitio\/wp-content\/uploads\/2018\/11\/barragan1.jpg\" data-orig-size=\"640,1280\" data-comments-opened=\"1\" data-image-meta=\"{&quot;aperture&quot;:&quot;0&quot;,&quot;credit&quot;:&quot;&quot;,&quot;camera&quot;:&quot;&quot;,&quot;caption&quot;:&quot;&quot;,&quot;created_timestamp&quot;:&quot;0&quot;,&quot;copyright&quot;:&quot;&quot;,&quot;focal_length&quot;:&quot;0&quot;,&quot;iso&quot;:&quot;0&quot;,&quot;shutter_speed&quot;:&quot;0&quot;,&quot;title&quot;:&quot;&quot;,&quot;orientation&quot;:&quot;0&quot;}\" data-image-title=\"barragan1\" data-image-description=\"\" data-image-caption=\"\" data-large-file=\"https:\/\/eldiariodesanpedro.com.ar\/sitio\/wp-content\/uploads\/2018\/11\/barragan1-512x1024.jpg\" data-src=\"https:\/\/eldiariodesanpedro.com.ar\/sitio\/wp-content\/uploads\/2018\/11\/barragan1-512x1024.jpg\" alt=\"\" width=\"512\" height=\"1024\" class=\"alignnone size-large wp-image-43878 lazyload\" data-srcset=\"https:\/\/eldiariodesanpedro.com.ar\/sitio\/wp-content\/uploads\/2018\/11\/barragan1-512x1024.jpg 512w, https:\/\/eldiariodesanpedro.com.ar\/sitio\/wp-content\/uploads\/2018\/11\/barragan1-150x300.jpg 150w, https:\/\/eldiariodesanpedro.com.ar\/sitio\/wp-content\/uploads\/2018\/11\/barragan1.jpg 640w\" data-sizes=\"(max-width: 512px) 100vw, 512px\" src=\"data:image\/svg+xml;base64,PHN2ZyB3aWR0aD0iMSIgaGVpZ2h0PSIxIiB4bWxucz0iaHR0cDovL3d3dy53My5vcmcvMjAwMC9zdmciPjwvc3ZnPg==\" style=\"--smush-placeholder-width: 512px; --smush-placeholder-aspect-ratio: 512\/1024;\" \/><\/p>\n","protected":false},"excerpt":{"rendered":"<p>El pr\u00f3ximo viernes 30 de Noviembre a las 20 en el Club Viejo brindar\u00e1 una charla abierta a socios y no socios con entrada libre y gratuita, el Dr. Alfredo Barrag\u00e1n, gestor y protagonista de la traves\u00eda del Atlantis con la que cruzaron en balsa el Oc\u00e9ano Atl\u00e1ntico durante 52 d\u00edas en 1984. La maravillosa [&hellip;]<\/p>\n","protected":false},"author":4,"featured_media":43877,"comment_status":"open","ping_status":"closed","sticky":false,"template":"","format":"standard","meta":{"om_disable_all_campaigns":false,"_jetpack_memberships_contains_paid_content":false,"footnotes":""},"categories":[101,2],"tags":[],"class_list":["post-43876","post","type-post","status-publish","format-standard","has-post-thumbnail","hentry","category-interes-general-locales","category-locales"],"aioseo_notices":[],"gutentor_comment":0,"jetpack_featured_media_url":"https:\/\/eldiariodesanpedro.com.ar\/sitio\/wp-content\/uploads\/2018\/11\/barragan1-copia.jpg","jetpack_shortlink":"https:\/\/wp.me\/p6RhLt-bpG","jetpack_sharing_enabled":true,"_links":{"self":[{"href":"https:\/\/eldiariodesanpedro.com.ar\/sitio\/wp-json\/wp\/v2\/posts\/43876","targetHints":{"allow":["GET"]}}],"collection":[{"href":"https:\/\/eldiariodesanpedro.com.ar\/sitio\/wp-json\/wp\/v2\/posts"}],"about":[{"href":"https:\/\/eldiariodesanpedro.com.ar\/sitio\/wp-json\/wp\/v2\/types\/post"}],"author":[{"embeddable":true,"href":"https:\/\/eldiariodesanpedro.com.ar\/sitio\/wp-json\/wp\/v2\/users\/4"}],"replies":[{"embeddable":true,"href":"https:\/\/eldiariodesanpedro.com.ar\/sitio\/wp-json\/wp\/v2\/comments?post=43876"}],"version-history":[{"count":1,"href":"https:\/\/eldiariodesanpedro.com.ar\/sitio\/wp-json\/wp\/v2\/posts\/43876\/revisions"}],"predecessor-version":[{"id":43879,"href":"https:\/\/eldiariodesanpedro.com.ar\/sitio\/wp-json\/wp\/v2\/posts\/43876\/revisions\/43879"}],"wp:featuredmedia":[{"embeddable":true,"href":"https:\/\/eldiariodesanpedro.com.ar\/sitio\/wp-json\/wp\/v2\/media\/43877"}],"wp:attachment":[{"href":"https:\/\/eldiariodesanpedro.com.ar\/sitio\/wp-json\/wp\/v2\/media?parent=43876"}],"wp:term":[{"taxonomy":"category","embeddable":true,"href":"https:\/\/eldiariodesanpedro.com.ar\/sitio\/wp-json\/wp\/v2\/categories?post=43876"},{"taxonomy":"post_tag","embeddable":true,"href":"https:\/\/eldiariodesanpedro.com.ar\/sitio\/wp-json\/wp\/v2\/tags?post=43876"}],"curies":[{"name":"wp","href":"https:\/\/api.w.org\/{rel}","templated":true}]}}