{"id":43874,"date":"2018-11-21T09:58:23","date_gmt":"2018-11-21T12:58:23","guid":{"rendered":"https:\/\/eldiariodesanpedro.com.ar\/sitio\/?p=43874"},"modified":"2018-11-21T10:08:45","modified_gmt":"2018-11-21T13:08:45","slug":"municipales-desde-el-ejecutivo-ofrecieron-un-125-final-de-aumento-basico","status":"publish","type":"post","link":"https:\/\/eldiariodesanpedro.com.ar\/sitio\/municipales-desde-el-ejecutivo-ofrecieron-un-125-final-de-aumento-basico\/","title":{"rendered":"Municipales: Desde el Ejecutivo ofrecieron un 12,5 final de aumento b\u00e1sico"},"content":{"rendered":"<p><!-- VideographyWP Plugin Message: Automatic video embedding prevented by plugin options. --><br \/>\n<span data-mce-type=\"bookmark\" style=\"display: inline-block; width: 0px; overflow: hidden; line-height: 0;\" class=\"mce_SELRES_start\">\ufeff<\/span>Este martes los representantes del Sindicato de Trabajadores Municipales y ATE participaron de una reuni\u00f3n con representantes del Ejecutivo, no est\u00e1n de acuerdo con aceptar un aumento del 10 por ciento y un bono en enero de 2 mil peso. Ram\u00f3n Salazar les hizo un ultimo ofrecimiento.<\/p>\n<p>Luego de tantas idas y vueltas, discusiones, paros y retenciones de tareas, el acuerdo quiz\u00e1s este cerca.<\/p>\n<p>El  Secretario de Coordinaci\u00f3n Ram\u00f3n Salazar ofert\u00f3 un incremento del 12,5 por ciento a cobrarse desde el pr\u00f3ximo medio aguinaldo. <\/p>\n<p>En dialogo con los medios cont\u00f3: \u00abLos gremios no aceptaron el 10% de aumento y el bono de 2000 pesos porque quieren que se pase al b\u00e1sico, y la realidad de este municipio es que ya no se puede mas, a principio de a\u00f1o se hizo un aumento del 16% con una clausula a revisi\u00f3n en septiembre pero se nos hizo muy dif\u00edcil\u00bb<\/p>\n<p>\u00abDesde el Municipio se decidi\u00f3 hacer un ofrecimiento al b\u00e1sico de un 12,5% final que se pagar\u00eda con el aguinaldo, a quienes los gremios respondieron que iban a pasar a un cuarto intermedio\u00bb<\/p>\n<p>Por ultimo agrego, \u00bb hoy se definir\u00e1 si se acepta o no el acuerdo, pero ya les dijimos que es imposible mejorar la oferta,  esto es as\u00ed , cuando uno cobra las tasas hace los c\u00e1lculos mas o menos de lo que puede recaudar en el a\u00f1o, pero la inflaci\u00f3n ya va a superar un 40%, reci\u00e9n el 3 de Diciembre se va a saber cuanto aumentaran, a principio se aumentaron un 30%, le estamos pidiendo al ejecutivo que revea la situaci\u00f3n econ\u00f3mica de la gente y no llegue a ser tanto el aumento\u00bb.<\/p>\n<p>Esta tarde habr\u00e1 una nueva reuni\u00f3n entre las partes, a las 16.00, y todo indica que finalmente habr\u00e1 acuerdo entre las partes, ya que los sindicatos entienden que no hay mayor margen de negociaci\u00f3n y no estar\u00eda en la voluntad de los\/as trabajadores\/as municipales continuar con las medidas de fuerza. <\/p>\n","protected":false},"excerpt":{"rendered":"<p>\ufeffEste martes los representantes del Sindicato de Trabajadores Municipales y ATE participaron de una reuni\u00f3n con representantes del Ejecutivo, no est\u00e1n de acuerdo con aceptar un aumento del 10 por ciento y un bono en enero de 2 mil peso. Ram\u00f3n Salazar les hizo un ultimo ofrecimiento. Luego de tantas idas y vueltas, discusiones, paros [&hellip;]<\/p>\n","protected":false},"author":4,"featured_media":16374,"comment_status":"open","ping_status":"closed","sticky":false,"template":"","format":"standard","meta":{"om_disable_all_campaigns":false,"_jetpack_memberships_contains_paid_content":false,"footnotes":""},"categories":[50,2,102],"tags":[],"class_list":["post-43874","post","type-post","status-publish","format-standard","has-post-thumbnail","hentry","category-destacadas","category-locales","category-politica-locales"],"aioseo_notices":[],"gutentor_comment":0,"jetpack_featured_media_url":"https:\/\/eldiariodesanpedro.com.ar\/sitio\/wp-content\/uploads\/2017\/03\/Ram\u00f3n-Salazar.jpg","jetpack_shortlink":"https:\/\/wp.me\/p6RhLt-bpE","jetpack_sharing_enabled":true,"_links":{"self":[{"href":"https:\/\/eldiariodesanpedro.com.ar\/sitio\/wp-json\/wp\/v2\/posts\/43874","targetHints":{"allow":["GET"]}}],"collection":[{"href":"https:\/\/eldiariodesanpedro.com.ar\/sitio\/wp-json\/wp\/v2\/posts"}],"about":[{"href":"https:\/\/eldiariodesanpedro.com.ar\/sitio\/wp-json\/wp\/v2\/types\/post"}],"author":[{"embeddable":true,"href":"https:\/\/eldiariodesanpedro.com.ar\/sitio\/wp-json\/wp\/v2\/users\/4"}],"replies":[{"embeddable":true,"href":"https:\/\/eldiariodesanpedro.com.ar\/sitio\/wp-json\/wp\/v2\/comments?post=43874"}],"version-history":[{"count":3,"href":"https:\/\/eldiariodesanpedro.com.ar\/sitio\/wp-json\/wp\/v2\/posts\/43874\/revisions"}],"predecessor-version":[{"id":43894,"href":"https:\/\/eldiariodesanpedro.com.ar\/sitio\/wp-json\/wp\/v2\/posts\/43874\/revisions\/43894"}],"wp:featuredmedia":[{"embeddable":true,"href":"https:\/\/eldiariodesanpedro.com.ar\/sitio\/wp-json\/wp\/v2\/media\/16374"}],"wp:attachment":[{"href":"https:\/\/eldiariodesanpedro.com.ar\/sitio\/wp-json\/wp\/v2\/media?parent=43874"}],"wp:term":[{"taxonomy":"category","embeddable":true,"href":"https:\/\/eldiariodesanpedro.com.ar\/sitio\/wp-json\/wp\/v2\/categories?post=43874"},{"taxonomy":"post_tag","embeddable":true,"href":"https:\/\/eldiariodesanpedro.com.ar\/sitio\/wp-json\/wp\/v2\/tags?post=43874"}],"curies":[{"name":"wp","href":"https:\/\/api.w.org\/{rel}","templated":true}]}}