{"id":43872,"date":"2018-11-21T09:29:27","date_gmt":"2018-11-21T12:29:27","guid":{"rendered":"https:\/\/eldiariodesanpedro.com.ar\/sitio\/?p=43872"},"modified":"2018-11-21T09:29:27","modified_gmt":"2018-11-21T12:29:27","slug":"dos-talleres-mecanicos-fueron-clausurados","status":"publish","type":"post","link":"https:\/\/eldiariodesanpedro.com.ar\/sitio\/dos-talleres-mecanicos-fueron-clausurados\/","title":{"rendered":"Dos talleres mec\u00e1nicos fueron clausurados"},"content":{"rendered":"<p><!-- VideographyWP Plugin Message: Automatic video embedding prevented by plugin options. --><br \/>\nEn el marco de los operativos llevados a cabo en forma diaria, este martes por la tarde, el personal del gabinete Criminologico en forma conjunta con personal de la Direcci\u00f3n de Prevenci\u00f3n del Delito contra la Propiedad del Automotor, procedi\u00f3 a labrar infracci\u00f3n a la Ley 13081 (clausura preventiva) a dos talleres mec\u00e1nicos.<\/p>\n<p>Uno se encuentra ubicado en calle Bulevar Moreno al 1400 y el otro sobre calle Alvear al 400, los cuales carec\u00edan de disposiciones obligatorias dispuestas por la ley enunciada, procediendo a la clausura de los mismos.<\/p>\n<p>Interviene Juzgado de Paz local.<\/p>\n","protected":false},"excerpt":{"rendered":"<p>En el marco de los operativos llevados a cabo en forma diaria, este martes por la tarde, el personal del gabinete Criminologico en forma conjunta con personal de la Direcci\u00f3n de Prevenci\u00f3n del Delito contra la Propiedad del Automotor, procedi\u00f3 a labrar infracci\u00f3n a la Ley 13081 (clausura preventiva) a dos talleres mec\u00e1nicos. Uno se [&hellip;]<\/p>\n","protected":false},"author":4,"featured_media":13371,"comment_status":"open","ping_status":"closed","sticky":false,"template":"","format":"standard","meta":{"om_disable_all_campaigns":false,"_jetpack_memberships_contains_paid_content":false,"footnotes":""},"categories":[2,103],"tags":[],"class_list":["post-43872","post","type-post","status-publish","format-standard","has-post-thumbnail","hentry","category-locales","category-policiales-locales"],"aioseo_notices":[],"gutentor_comment":0,"jetpack_featured_media_url":"https:\/\/eldiariodesanpedro.com.ar\/sitio\/wp-content\/uploads\/2017\/01\/Patrulla-3-e1485286104708.jpg","jetpack_shortlink":"https:\/\/wp.me\/p6RhLt-bpC","jetpack_sharing_enabled":true,"_links":{"self":[{"href":"https:\/\/eldiariodesanpedro.com.ar\/sitio\/wp-json\/wp\/v2\/posts\/43872","targetHints":{"allow":["GET"]}}],"collection":[{"href":"https:\/\/eldiariodesanpedro.com.ar\/sitio\/wp-json\/wp\/v2\/posts"}],"about":[{"href":"https:\/\/eldiariodesanpedro.com.ar\/sitio\/wp-json\/wp\/v2\/types\/post"}],"author":[{"embeddable":true,"href":"https:\/\/eldiariodesanpedro.com.ar\/sitio\/wp-json\/wp\/v2\/users\/4"}],"replies":[{"embeddable":true,"href":"https:\/\/eldiariodesanpedro.com.ar\/sitio\/wp-json\/wp\/v2\/comments?post=43872"}],"version-history":[{"count":1,"href":"https:\/\/eldiariodesanpedro.com.ar\/sitio\/wp-json\/wp\/v2\/posts\/43872\/revisions"}],"predecessor-version":[{"id":43873,"href":"https:\/\/eldiariodesanpedro.com.ar\/sitio\/wp-json\/wp\/v2\/posts\/43872\/revisions\/43873"}],"wp:featuredmedia":[{"embeddable":true,"href":"https:\/\/eldiariodesanpedro.com.ar\/sitio\/wp-json\/wp\/v2\/media\/13371"}],"wp:attachment":[{"href":"https:\/\/eldiariodesanpedro.com.ar\/sitio\/wp-json\/wp\/v2\/media?parent=43872"}],"wp:term":[{"taxonomy":"category","embeddable":true,"href":"https:\/\/eldiariodesanpedro.com.ar\/sitio\/wp-json\/wp\/v2\/categories?post=43872"},{"taxonomy":"post_tag","embeddable":true,"href":"https:\/\/eldiariodesanpedro.com.ar\/sitio\/wp-json\/wp\/v2\/tags?post=43872"}],"curies":[{"name":"wp","href":"https:\/\/api.w.org\/{rel}","templated":true}]}}