{"id":43867,"date":"2018-11-21T09:03:13","date_gmt":"2018-11-21T12:03:13","guid":{"rendered":"https:\/\/eldiariodesanpedro.com.ar\/sitio\/?p=43867"},"modified":"2018-11-21T09:03:13","modified_gmt":"2018-11-21T12:03:13","slug":"accidente-un-camion-scania-impacto-de-atras-a-otro-camion","status":"publish","type":"post","link":"https:\/\/eldiariodesanpedro.com.ar\/sitio\/accidente-un-camion-scania-impacto-de-atras-a-otro-camion\/","title":{"rendered":"Accidente:  Un cami\u00f3n Scania impacto de atr\u00e1s a otro cami\u00f3n"},"content":{"rendered":"<p><!-- VideographyWP Plugin Message: Automatic video embedding prevented by plugin options. --><br \/>\nAs\u00ed fue como sobre Ruta 9, km 174, el cami\u00f3n marca Scania, que transportaba cuero, impacta por atr\u00e1s a otro cami\u00f3n que transportaba papel. Los ch\u00f3feres fueron rescatados por bomberos, tras quedar atrapados en la cabina de los mismos.<\/p>\n<p>El hecho ocurri\u00f3 este martes por la noche, alrededor de las 00hs, personal  policial tras ser alertado acude al accidente transito ocurrido sobre Ruta 9, Km. 174, mano carril Rosario -Bs As. El Scania por causas que se trataran de establecer, impacta en la parte trasera de otro cami\u00f3n marca Mercedes Benz, que transportaba papel.  <\/p>\n<p>Como consecuencia el cami\u00f3n impactado, vuelca sobre la cinta asf\u00e1ltica de dicha ruta, obstaculizando el carril de forma total. <\/p>\n<p>En el lugar se hizo presente el GNA y Corredor vial, conjunto con  polic\u00eda vial,  quienes procedieron al correcto balizamiento y re direcci\u00f3n del tr\u00e1nsito, siendo disminuido y desviado por colectoras.<\/p>\n<p>Tambi\u00e9n el personal de Bomberos voluntarios de San Pedro, procedieron a  realizar distintas maniobras de rescate en las cabinas de los dos  camiones por los ch\u00f3feres que estaban atrapados.<\/p>\n<p>Los heridos fueron trasladados al Hospital donde quedaron en observaci\u00f3n por presentar politraumatismos, sin riesgo inminente.<\/p>\n","protected":false},"excerpt":{"rendered":"<p>As\u00ed fue como sobre Ruta 9, km 174, el cami\u00f3n marca Scania, que transportaba cuero, impacta por atr\u00e1s a otro cami\u00f3n que transportaba papel. Los ch\u00f3feres fueron rescatados por bomberos, tras quedar atrapados en la cabina de los mismos. El hecho ocurri\u00f3 este martes por la noche, alrededor de las 00hs, personal policial tras ser [&hellip;]<\/p>\n","protected":false},"author":4,"featured_media":27202,"comment_status":"open","ping_status":"closed","sticky":false,"template":"","format":"standard","meta":{"om_disable_all_campaigns":false,"_jetpack_memberships_contains_paid_content":false,"footnotes":""},"categories":[2,103],"tags":[],"class_list":["post-43867","post","type-post","status-publish","format-standard","has-post-thumbnail","hentry","category-locales","category-policiales-locales"],"aioseo_notices":[],"gutentor_comment":0,"jetpack_featured_media_url":"https:\/\/eldiariodesanpedro.com.ar\/sitio\/wp-content\/uploads\/2017\/12\/ambulancia-same-provincia.jpg","jetpack_shortlink":"https:\/\/wp.me\/p6RhLt-bpx","jetpack_sharing_enabled":true,"_links":{"self":[{"href":"https:\/\/eldiariodesanpedro.com.ar\/sitio\/wp-json\/wp\/v2\/posts\/43867","targetHints":{"allow":["GET"]}}],"collection":[{"href":"https:\/\/eldiariodesanpedro.com.ar\/sitio\/wp-json\/wp\/v2\/posts"}],"about":[{"href":"https:\/\/eldiariodesanpedro.com.ar\/sitio\/wp-json\/wp\/v2\/types\/post"}],"author":[{"embeddable":true,"href":"https:\/\/eldiariodesanpedro.com.ar\/sitio\/wp-json\/wp\/v2\/users\/4"}],"replies":[{"embeddable":true,"href":"https:\/\/eldiariodesanpedro.com.ar\/sitio\/wp-json\/wp\/v2\/comments?post=43867"}],"version-history":[{"count":1,"href":"https:\/\/eldiariodesanpedro.com.ar\/sitio\/wp-json\/wp\/v2\/posts\/43867\/revisions"}],"predecessor-version":[{"id":43868,"href":"https:\/\/eldiariodesanpedro.com.ar\/sitio\/wp-json\/wp\/v2\/posts\/43867\/revisions\/43868"}],"wp:featuredmedia":[{"embeddable":true,"href":"https:\/\/eldiariodesanpedro.com.ar\/sitio\/wp-json\/wp\/v2\/media\/27202"}],"wp:attachment":[{"href":"https:\/\/eldiariodesanpedro.com.ar\/sitio\/wp-json\/wp\/v2\/media?parent=43867"}],"wp:term":[{"taxonomy":"category","embeddable":true,"href":"https:\/\/eldiariodesanpedro.com.ar\/sitio\/wp-json\/wp\/v2\/categories?post=43867"},{"taxonomy":"post_tag","embeddable":true,"href":"https:\/\/eldiariodesanpedro.com.ar\/sitio\/wp-json\/wp\/v2\/tags?post=43867"}],"curies":[{"name":"wp","href":"https:\/\/api.w.org\/{rel}","templated":true}]}}