{"id":43847,"date":"2018-11-20T20:28:53","date_gmt":"2018-11-20T23:28:53","guid":{"rendered":"https:\/\/eldiariodesanpedro.com.ar\/sitio\/?p=43847"},"modified":"2018-11-20T20:28:53","modified_gmt":"2018-11-20T23:28:53","slug":"baradero-nueva-campana-de-reciclaje-electronico-papel-y-tapitas-plasticas","status":"publish","type":"post","link":"https:\/\/eldiariodesanpedro.com.ar\/sitio\/baradero-nueva-campana-de-reciclaje-electronico-papel-y-tapitas-plasticas\/","title":{"rendered":"BARADERO: Nueva campa\u00f1a de reciclaje electr\u00f3nico, papel y tapitas pl\u00e1sticas"},"content":{"rendered":"<p><!-- VideographyWP Plugin Message: Automatic video embedding prevented by plugin options. --><br \/>\nLas mismas ser\u00e1n el mi\u00e9rcoles 21 de noviembre desde las 8:00 hasta las 13:00 horas en la Plaza Mitre.<br \/>\nCon la colaboraci\u00f3n de la empresa de Transportes Moro Fallet y la empresa Maro S.A, el municipio a trav\u00e9s de la Direcci\u00f3n General de Gesti\u00f3n Ambiental realizar\u00e1 la 11\u00b0 edici\u00f3n de Campa\u00f1a de Recolecci\u00f3n, Traslado, Reciclaje y Reutilizaci\u00f3n de Aparatos El\u00e9ctricos y Electr\u00f3nicos, y la 2\u00b0 Campa\u00f1a de Reciclaje de Papel y Tapitas Pl\u00e1sticas que ser\u00e1n enviadas a la Fundaci\u00f3n Garraghan.<\/p>\n<p>Fuente: Tu Linea Directa<\/p>\n","protected":false},"excerpt":{"rendered":"<p>Las mismas ser\u00e1n el mi\u00e9rcoles 21 de noviembre desde las 8:00 hasta las 13:00 horas en la Plaza Mitre. Con la colaboraci\u00f3n de la empresa de Transportes Moro Fallet y la empresa Maro S.A, el municipio a trav\u00e9s de la Direcci\u00f3n General de Gesti\u00f3n Ambiental realizar\u00e1 la 11\u00b0 edici\u00f3n de Campa\u00f1a de Recolecci\u00f3n, Traslado, Reciclaje [&hellip;]<\/p>\n","protected":false},"author":4,"featured_media":43849,"comment_status":"open","ping_status":"closed","sticky":false,"template":"","format":"standard","meta":{"om_disable_all_campaigns":false,"_jetpack_memberships_contains_paid_content":false,"footnotes":""},"categories":[621],"tags":[],"class_list":["post-43847","post","type-post","status-publish","format-standard","has-post-thumbnail","hentry","category-regionales"],"aioseo_notices":[],"gutentor_comment":0,"jetpack_featured_media_url":"https:\/\/eldiariodesanpedro.com.ar\/sitio\/wp-content\/uploads\/2018\/11\/dsc_0735.jpg","jetpack_shortlink":"https:\/\/wp.me\/p6RhLt-bpd","jetpack_sharing_enabled":true,"_links":{"self":[{"href":"https:\/\/eldiariodesanpedro.com.ar\/sitio\/wp-json\/wp\/v2\/posts\/43847","targetHints":{"allow":["GET"]}}],"collection":[{"href":"https:\/\/eldiariodesanpedro.com.ar\/sitio\/wp-json\/wp\/v2\/posts"}],"about":[{"href":"https:\/\/eldiariodesanpedro.com.ar\/sitio\/wp-json\/wp\/v2\/types\/post"}],"author":[{"embeddable":true,"href":"https:\/\/eldiariodesanpedro.com.ar\/sitio\/wp-json\/wp\/v2\/users\/4"}],"replies":[{"embeddable":true,"href":"https:\/\/eldiariodesanpedro.com.ar\/sitio\/wp-json\/wp\/v2\/comments?post=43847"}],"version-history":[{"count":1,"href":"https:\/\/eldiariodesanpedro.com.ar\/sitio\/wp-json\/wp\/v2\/posts\/43847\/revisions"}],"predecessor-version":[{"id":43852,"href":"https:\/\/eldiariodesanpedro.com.ar\/sitio\/wp-json\/wp\/v2\/posts\/43847\/revisions\/43852"}],"wp:featuredmedia":[{"embeddable":true,"href":"https:\/\/eldiariodesanpedro.com.ar\/sitio\/wp-json\/wp\/v2\/media\/43849"}],"wp:attachment":[{"href":"https:\/\/eldiariodesanpedro.com.ar\/sitio\/wp-json\/wp\/v2\/media?parent=43847"}],"wp:term":[{"taxonomy":"category","embeddable":true,"href":"https:\/\/eldiariodesanpedro.com.ar\/sitio\/wp-json\/wp\/v2\/categories?post=43847"},{"taxonomy":"post_tag","embeddable":true,"href":"https:\/\/eldiariodesanpedro.com.ar\/sitio\/wp-json\/wp\/v2\/tags?post=43847"}],"curies":[{"name":"wp","href":"https:\/\/api.w.org\/{rel}","templated":true}]}}