{"id":43845,"date":"2018-11-20T20:28:11","date_gmt":"2018-11-20T23:28:11","guid":{"rendered":"https:\/\/eldiariodesanpedro.com.ar\/sitio\/?p=43845"},"modified":"2018-11-20T20:28:11","modified_gmt":"2018-11-20T23:28:11","slug":"zarate-remiseros-marcharon-a-la-municipalidad-para-pedir-seguridad","status":"publish","type":"post","link":"https:\/\/eldiariodesanpedro.com.ar\/sitio\/zarate-remiseros-marcharon-a-la-municipalidad-para-pedir-seguridad\/","title":{"rendered":"Z\u00c1RATE: Remiseros marcharon a la Municipalidad para pedir seguridad"},"content":{"rendered":"<p><!-- VideographyWP Plugin Message: Automatic video embedding prevented by plugin options. --><br \/>\nEste martes al mediod\u00eda, trabajadores del volante se congregaron frente a la Municipalidad para reclamar medidas para combatir el delito que sufren en los barrios de la ciudad. El domingo un trabajador de Remiser\u00eda Paran\u00e1 recibi\u00f3 tres apu\u00f1aladas tras un intento de robo.<br \/>\n\u201cEstamos cansados de que la inseguridad y violencia que sufrimos hoy. La municipalidad es la encargada de darnos protecci\u00f3n y la polic\u00eda la de darnos seguridad. Hay miles de reuniones donde se prometen cosas y despu\u00e9s no se cumple ninguna y nos siguen robando y golpeando\u201d, expres\u00f3 un trabajador de Remiseria Paran\u00e1.<br \/>\nSeg\u00fan el testimonio de Pablo, la v\u00edctima, el domingo en horas de la madrugada ven\u00eda de Lima cuando fren\u00f3 a cargar gas, volvi\u00f3 a la base, sali\u00f3 para realizar un viaje hasta Villa Negri y a la vuelta, desde la agencia le comunican que deb\u00eda pasar a buscar a un pasajero en Pinto y calle 14. Al llegar, un sujeto de \u201caspecto extra\u00f1o, que estaba recostado en el suelo, se sube al auto y dice estar descompuesto, por lo que pide el traslado hacia el hospital\u201d.<br \/>\nDespu\u00e9s de realizar 10 metros, el conductor agarr\u00f3 la radio para informar a la remiseria sobre el nuevo destino. En ese transcurso el pasajero lo atac\u00f3 por detr\u00e1s y le clav\u00f3 el arma blanca en el brazo mientras ped\u00eda a los gritos \u201clas llaves y la plata\u201d. Luego de un intenso forcejeo el delincuente escap\u00f3 por la puerta trasera.<br \/>\nCabe recordar, que en mayo pasado la remiser\u00eda DyA sufri\u00f3 tambi\u00e9n un intento de robo en Barrio Matadero que dej\u00f3 al conductor herido. En tal ocasi\u00f3n, desde la Secretar\u00eda de Seguridad junto con la Comisar\u00eda 1ra de Z\u00e1rate hicieron entrega de un bot\u00f3n antip\u00e1nico. \u201cEs un puntapi\u00e9 inicial, un bot\u00f3n no soluciona toda la problem\u00e1tica si no que tambi\u00e9n pedimos que aumenten el patrullaje en zonas conflictivas o peligrosas de la ciudad y tambi\u00e9n que se solucione el tema de iluminaci\u00f3n\u201d, coment\u00f3 Cristian Parodi al salir de la reuni\u00f3n el 30 de dicho mes. Adem\u00e1s, pidi\u00f3 a todos los compa\u00f1eros de otras remiserias a que hagan la denuncia en caso de sufrir un caso similar.<\/p>\n<p>Fuente: Zarate Alerta<\/p>\n","protected":false},"excerpt":{"rendered":"<p>Este martes al mediod\u00eda, trabajadores del volante se congregaron frente a la Municipalidad para reclamar medidas para combatir el delito que sufren en los barrios de la ciudad. El domingo un trabajador de Remiser\u00eda Paran\u00e1 recibi\u00f3 tres apu\u00f1aladas tras un intento de robo. \u201cEstamos cansados de que la inseguridad y violencia que sufrimos hoy. La [&hellip;]<\/p>\n","protected":false},"author":4,"featured_media":43846,"comment_status":"open","ping_status":"closed","sticky":false,"template":"","format":"standard","meta":{"om_disable_all_campaigns":false,"_jetpack_memberships_contains_paid_content":false,"footnotes":""},"categories":[621],"tags":[],"class_list":["post-43845","post","type-post","status-publish","format-standard","has-post-thumbnail","hentry","category-regionales"],"aioseo_notices":[],"gutentor_comment":0,"jetpack_featured_media_url":"https:\/\/eldiariodesanpedro.com.ar\/sitio\/wp-content\/uploads\/2018\/11\/PAGINA-7-7.jpg","jetpack_shortlink":"https:\/\/wp.me\/p6RhLt-bpb","jetpack_sharing_enabled":true,"_links":{"self":[{"href":"https:\/\/eldiariodesanpedro.com.ar\/sitio\/wp-json\/wp\/v2\/posts\/43845","targetHints":{"allow":["GET"]}}],"collection":[{"href":"https:\/\/eldiariodesanpedro.com.ar\/sitio\/wp-json\/wp\/v2\/posts"}],"about":[{"href":"https:\/\/eldiariodesanpedro.com.ar\/sitio\/wp-json\/wp\/v2\/types\/post"}],"author":[{"embeddable":true,"href":"https:\/\/eldiariodesanpedro.com.ar\/sitio\/wp-json\/wp\/v2\/users\/4"}],"replies":[{"embeddable":true,"href":"https:\/\/eldiariodesanpedro.com.ar\/sitio\/wp-json\/wp\/v2\/comments?post=43845"}],"version-history":[{"count":1,"href":"https:\/\/eldiariodesanpedro.com.ar\/sitio\/wp-json\/wp\/v2\/posts\/43845\/revisions"}],"predecessor-version":[{"id":43851,"href":"https:\/\/eldiariodesanpedro.com.ar\/sitio\/wp-json\/wp\/v2\/posts\/43845\/revisions\/43851"}],"wp:featuredmedia":[{"embeddable":true,"href":"https:\/\/eldiariodesanpedro.com.ar\/sitio\/wp-json\/wp\/v2\/media\/43846"}],"wp:attachment":[{"href":"https:\/\/eldiariodesanpedro.com.ar\/sitio\/wp-json\/wp\/v2\/media?parent=43845"}],"wp:term":[{"taxonomy":"category","embeddable":true,"href":"https:\/\/eldiariodesanpedro.com.ar\/sitio\/wp-json\/wp\/v2\/categories?post=43845"},{"taxonomy":"post_tag","embeddable":true,"href":"https:\/\/eldiariodesanpedro.com.ar\/sitio\/wp-json\/wp\/v2\/tags?post=43845"}],"curies":[{"name":"wp","href":"https:\/\/api.w.org\/{rel}","templated":true}]}}