{"id":43841,"date":"2018-11-20T20:18:24","date_gmt":"2018-11-20T23:18:24","guid":{"rendered":"https:\/\/eldiariodesanpedro.com.ar\/sitio\/?p=43841"},"modified":"2018-11-20T20:18:24","modified_gmt":"2018-11-20T23:18:24","slug":"baradero-continua-la-busqueda-de-un-turista-desaparecido-en-la-zona-de-islas","status":"publish","type":"post","link":"https:\/\/eldiariodesanpedro.com.ar\/sitio\/baradero-continua-la-busqueda-de-un-turista-desaparecido-en-la-zona-de-islas\/","title":{"rendered":"BARADERO: Contin\u00faa la b\u00fasqueda de un turista desaparecido en la zona de islas"},"content":{"rendered":"<p><!-- VideographyWP Plugin Message: Automatic video embedding prevented by plugin options. --><br \/>\nRam\u00f3n Alberto Toledo, de 56 a\u00f1os de edad, es buscado desde el s\u00e1bado. Fue a la localidad a pasar el fin de semana largo con siete amigos desde la ciudad de Ituzaing\u00f3, provincia de Bs. As. Cruzaron el r\u00edo Baradero hacia el sector de islas con la intenci\u00f3n de pasar unos d\u00edas de pesca.<br \/>\nEl hijo de Ram\u00f3n Toledo tras arribar a Baradero. El hombre est\u00e1 desaparecido desde el s\u00e1bado por la tarde. El audio del di\u00e1logo que mantuvo est\u00e1 ma\u00f1ana por Tu Radio en \u201cContacto Directo\u201d.<br \/>\nBomberos, Prefectura, Polic\u00eda de Isla, Divisi\u00f3n Canina y Defensa Civil realizan la b\u00fasqueda que hasta el momento no arroj\u00f3 resultados.<br \/>\nHay incertidumbre porque nada se sabe del hombre de 56 a\u00f1os.<\/p>\n<p>Fyebte: Tu Linea Directa.com <\/p>\n","protected":false},"excerpt":{"rendered":"<p>Ram\u00f3n Alberto Toledo, de 56 a\u00f1os de edad, es buscado desde el s\u00e1bado. Fue a la localidad a pasar el fin de semana largo con siete amigos desde la ciudad de Ituzaing\u00f3, provincia de Bs. As. Cruzaron el r\u00edo Baradero hacia el sector de islas con la intenci\u00f3n de pasar unos d\u00edas de pesca. El [&hellip;]<\/p>\n","protected":false},"author":4,"featured_media":43843,"comment_status":"open","ping_status":"closed","sticky":false,"template":"","format":"standard","meta":{"om_disable_all_campaigns":false,"_jetpack_memberships_contains_paid_content":false,"footnotes":""},"categories":[621],"tags":[],"class_list":["post-43841","post","type-post","status-publish","format-standard","has-post-thumbnail","hentry","category-regionales"],"aioseo_notices":[],"gutentor_comment":0,"jetpack_featured_media_url":"https:\/\/eldiariodesanpedro.com.ar\/sitio\/wp-content\/uploads\/2018\/11\/PAGINA-6-8.jpg","jetpack_shortlink":"https:\/\/wp.me\/p6RhLt-bp7","jetpack_sharing_enabled":true,"_links":{"self":[{"href":"https:\/\/eldiariodesanpedro.com.ar\/sitio\/wp-json\/wp\/v2\/posts\/43841","targetHints":{"allow":["GET"]}}],"collection":[{"href":"https:\/\/eldiariodesanpedro.com.ar\/sitio\/wp-json\/wp\/v2\/posts"}],"about":[{"href":"https:\/\/eldiariodesanpedro.com.ar\/sitio\/wp-json\/wp\/v2\/types\/post"}],"author":[{"embeddable":true,"href":"https:\/\/eldiariodesanpedro.com.ar\/sitio\/wp-json\/wp\/v2\/users\/4"}],"replies":[{"embeddable":true,"href":"https:\/\/eldiariodesanpedro.com.ar\/sitio\/wp-json\/wp\/v2\/comments?post=43841"}],"version-history":[{"count":1,"href":"https:\/\/eldiariodesanpedro.com.ar\/sitio\/wp-json\/wp\/v2\/posts\/43841\/revisions"}],"predecessor-version":[{"id":43844,"href":"https:\/\/eldiariodesanpedro.com.ar\/sitio\/wp-json\/wp\/v2\/posts\/43841\/revisions\/43844"}],"wp:featuredmedia":[{"embeddable":true,"href":"https:\/\/eldiariodesanpedro.com.ar\/sitio\/wp-json\/wp\/v2\/media\/43843"}],"wp:attachment":[{"href":"https:\/\/eldiariodesanpedro.com.ar\/sitio\/wp-json\/wp\/v2\/media?parent=43841"}],"wp:term":[{"taxonomy":"category","embeddable":true,"href":"https:\/\/eldiariodesanpedro.com.ar\/sitio\/wp-json\/wp\/v2\/categories?post=43841"},{"taxonomy":"post_tag","embeddable":true,"href":"https:\/\/eldiariodesanpedro.com.ar\/sitio\/wp-json\/wp\/v2\/tags?post=43841"}],"curies":[{"name":"wp","href":"https:\/\/api.w.org\/{rel}","templated":true}]}}