{"id":43833,"date":"2018-11-20T20:16:08","date_gmt":"2018-11-20T23:16:08","guid":{"rendered":"https:\/\/eldiariodesanpedro.com.ar\/sitio\/?p=43833"},"modified":"2018-11-20T20:16:08","modified_gmt":"2018-11-20T23:16:08","slug":"zarate-alerta-por-alacranes-en-zarate-hay-temor-entre-los-vecinos","status":"publish","type":"post","link":"https:\/\/eldiariodesanpedro.com.ar\/sitio\/zarate-alerta-por-alacranes-en-zarate-hay-temor-entre-los-vecinos\/","title":{"rendered":"Z\u00c1RATE: Alerta por alacranes en Z\u00e1rate: hay temor entre los vecinos"},"content":{"rendered":"<p><!-- VideographyWP Plugin Message: Automatic video embedding prevented by plugin options. --><br \/>\nLos encontraron adentro de las casas y bajo piedras en calle Pellegrini. La infomaci\u00f3n lleg\u00f3 a Z\u00e1rate Alerta. \u00bfQu\u00e9 hacer ante una picadura? \u00bfC\u00f3mo prevenirse?<br \/>\nCon la llegada del calor y el clima h\u00famedo los vecinos de distintos barrios del escribieron a la redacci\u00f3n denunciando la aparici\u00f3n de alacranes.  No es la primera vez que sucede en Z\u00e1rate, sin ir m\u00e1s lejos, en mayo pasado la ciudad se vio en alerta por la misma situaci\u00f3n.<br \/>\nEn conferencia de prensa, el responsable del \u00e1rea de Bromatolog\u00eda y Zoonosis municipal, Federico Sauter, explic\u00f3 en su momento las medidas preventivas que se deben tomar para evitar toparse con este tipo de insectos.<br \/>\nAclar\u00f3 que la problem\u00e1tica est\u00e1 latente porque se prolonga el clima h\u00famedo y caluroso y que, ante la picadura, \u201cla persona debe acercarse r\u00e1pidamente a alg\u00fan centro de salud, preferentemente al Hospital Intermedio Municipal Dr. Ren\u00e9 Favaloro\u201d.<br \/>\nEl punto m\u00e1s com\u00fan donde se pueden encontrar estos insectos es en las cercan\u00edas por donde pasa el Ferrocarril Urquiza. \u201cLos alacranes se alimentan de cucarachas y buscan cubrirse como por ejemplo en escombros, lugares rugosos, le\u00f1a. Recomendamos sacudir las s\u00e1banas antes de acostarse y tapar o cerrar todas las aberturas para evitar que entre desde el exterior el insecto\u201d, sentenci\u00f3.<br \/>\nEn el d\u00eda de la fecha, encontraron un ejemplar en una obra en construcci\u00f3n ubicada en Barrio Parque. \u201cEs de unos 6 cent\u00edmetros y de color claro con algunas manchas marrones, lo tengo en mi casa y no se que hacer\u201d. Ante el encuentro con este tipo de animales, es recomendable comunicarse con Bromatologia y Zoonosis de la Municipalidad de Z\u00e1rate al 434137.<br \/>\nAnte la picadura de un alacr\u00e1n los m\u00e9dicos recomiendan no realizar ning\u00fan tratamiento casero. Aplicar hielo en el lugar de la picadura. Consultar inmeditamente con un profesional y en la medida de lo posible llevar el ejemplar para que sea identificado dado que existen varios tipos diferentes.<\/p>\n<p>Para evitar que te pique un alacr\u00e1n las entidades m\u00e9dicas recomiendan seguir estos consejos:<br \/>\n\u2022 No camines descalzo.<br \/>\n\u2022 Sacud\u00ed la ropa y los zapatos antes de vestirte as\u00ed como las s\u00e1banas antes de irte a dormir.<br \/>\n\u2022 Separ\u00e1 un poco la cama de la pared.<br \/>\n\u2022 And\u00e1 con precauci\u00f3n al revisar cajones o estantes.<br \/>\n\u2022 Dale un vistazo al piso antes de meterte en la ducha o la ba\u00f1era.<br \/>\n\u2022 Cubr\u00ed con tela met\u00e1lica los resumideros<br \/>\n\u2022 Vigil\u00e1 las entradas y salidas de ca\u00f1er\u00edas, desag\u00fces y otras aberturas similares.<br \/>\n\u2022 Coloc\u00e1 burletes o mosquiteros en puertas y ventanas.<br \/>\n\u2022 Manten\u00e9 limpio y ordenado el interior de tu domicilio y sin malezas los exteriores del mismo.<br \/>\n\u2022 Control\u00e1 la basura para reducir la cantidad de insectos (ara\u00f1as y cucarachas) que son alimento de los escorpiones.<br \/>\n\u2022 No acumul\u00e9s objetos tales como le\u00f1a, ladrillos o escombros cerca de la vivienda y no los juntes con las manos.<br \/>\nFuente: Zarate Alerta<\/p>\n","protected":false},"excerpt":{"rendered":"<p>Los encontraron adentro de las casas y bajo piedras en calle Pellegrini. La infomaci\u00f3n lleg\u00f3 a Z\u00e1rate Alerta. \u00bfQu\u00e9 hacer ante una picadura? \u00bfC\u00f3mo prevenirse? Con la llegada del calor y el clima h\u00famedo los vecinos de distintos barrios del escribieron a la redacci\u00f3n denunciando la aparici\u00f3n de alacranes. No es la primera vez que [&hellip;]<\/p>\n","protected":false},"author":4,"featured_media":26906,"comment_status":"open","ping_status":"closed","sticky":false,"template":"","format":"standard","meta":{"om_disable_all_campaigns":false,"_jetpack_memberships_contains_paid_content":false,"footnotes":""},"categories":[621],"tags":[],"class_list":["post-43833","post","type-post","status-publish","format-standard","has-post-thumbnail","hentry","category-regionales"],"aioseo_notices":[],"gutentor_comment":0,"jetpack_featured_media_url":"https:\/\/eldiariodesanpedro.com.ar\/sitio\/wp-content\/uploads\/2017\/12\/baradero-Alacranes-en-la-zona.jpg","jetpack_shortlink":"https:\/\/wp.me\/p6RhLt-boZ","jetpack_sharing_enabled":true,"_links":{"self":[{"href":"https:\/\/eldiariodesanpedro.com.ar\/sitio\/wp-json\/wp\/v2\/posts\/43833","targetHints":{"allow":["GET"]}}],"collection":[{"href":"https:\/\/eldiariodesanpedro.com.ar\/sitio\/wp-json\/wp\/v2\/posts"}],"about":[{"href":"https:\/\/eldiariodesanpedro.com.ar\/sitio\/wp-json\/wp\/v2\/types\/post"}],"author":[{"embeddable":true,"href":"https:\/\/eldiariodesanpedro.com.ar\/sitio\/wp-json\/wp\/v2\/users\/4"}],"replies":[{"embeddable":true,"href":"https:\/\/eldiariodesanpedro.com.ar\/sitio\/wp-json\/wp\/v2\/comments?post=43833"}],"version-history":[{"count":1,"href":"https:\/\/eldiariodesanpedro.com.ar\/sitio\/wp-json\/wp\/v2\/posts\/43833\/revisions"}],"predecessor-version":[{"id":43840,"href":"https:\/\/eldiariodesanpedro.com.ar\/sitio\/wp-json\/wp\/v2\/posts\/43833\/revisions\/43840"}],"wp:featuredmedia":[{"embeddable":true,"href":"https:\/\/eldiariodesanpedro.com.ar\/sitio\/wp-json\/wp\/v2\/media\/26906"}],"wp:attachment":[{"href":"https:\/\/eldiariodesanpedro.com.ar\/sitio\/wp-json\/wp\/v2\/media?parent=43833"}],"wp:term":[{"taxonomy":"category","embeddable":true,"href":"https:\/\/eldiariodesanpedro.com.ar\/sitio\/wp-json\/wp\/v2\/categories?post=43833"},{"taxonomy":"post_tag","embeddable":true,"href":"https:\/\/eldiariodesanpedro.com.ar\/sitio\/wp-json\/wp\/v2\/tags?post=43833"}],"curies":[{"name":"wp","href":"https:\/\/api.w.org\/{rel}","templated":true}]}}