{"id":43831,"date":"2018-11-20T20:27:19","date_gmt":"2018-11-20T23:27:19","guid":{"rendered":"https:\/\/eldiariodesanpedro.com.ar\/sitio\/?p=43831"},"modified":"2018-11-20T20:27:19","modified_gmt":"2018-11-20T23:27:19","slug":"tras-el-incendio-operatoria-portuaria-en-marcha-carga-el-voge-emma","status":"publish","type":"post","link":"https:\/\/eldiariodesanpedro.com.ar\/sitio\/tras-el-incendio-operatoria-portuaria-en-marcha-carga-el-voge-emma\/","title":{"rendered":"TRAS EL INCENDIO: Operatoria Portuaria en marcha carga el VOGE EMMA"},"content":{"rendered":"<p><!-- VideographyWP Plugin Message: Automatic video embedding prevented by plugin options. --><br \/>\nEn la ma\u00f1ana de el martes atrac\u00f3 en el muelle cabecera el Buque VOGE EMMA con el que, tal como hab\u00eda sido anunciado, se reanud\u00f3 la carga de cereales en el Puerto de San Pedro. La empresa Grobocopatel Hnos. gestionando las instalaciones de Terminal Puerto San Pedro hab\u00eda anticipado el s\u00e1bado 17 que tras concluir las reparaciones previstas y las pruebas correspondientes con resultados satisfactorios, se estaba en condiciones de iniciar esta actividad. De este modo las operaciones de carga se encuentran pleno desarrollo con un ritmo de 400\/500 mt\/hora.<\/p>\n","protected":false},"excerpt":{"rendered":"<p>En la ma\u00f1ana de el martes atrac\u00f3 en el muelle cabecera el Buque VOGE EMMA con el que, tal como hab\u00eda sido anunciado, se reanud\u00f3 la carga de cereales en el Puerto de San Pedro. La empresa Grobocopatel Hnos. gestionando las instalaciones de Terminal Puerto San Pedro hab\u00eda anticipado el s\u00e1bado 17 que tras concluir [&hellip;]<\/p>\n","protected":false},"author":4,"featured_media":43834,"comment_status":"open","ping_status":"closed","sticky":false,"template":"","format":"standard","meta":{"om_disable_all_campaigns":false,"_jetpack_memberships_contains_paid_content":false,"footnotes":""},"categories":[101,2],"tags":[],"class_list":["post-43831","post","type-post","status-publish","format-standard","has-post-thumbnail","hentry","category-interes-general-locales","category-locales"],"aioseo_notices":[],"gutentor_comment":0,"jetpack_featured_media_url":"https:\/\/eldiariodesanpedro.com.ar\/sitio\/wp-content\/uploads\/2018\/11\/33.jpg","jetpack_shortlink":"https:\/\/wp.me\/p6RhLt-boX","jetpack_sharing_enabled":true,"_links":{"self":[{"href":"https:\/\/eldiariodesanpedro.com.ar\/sitio\/wp-json\/wp\/v2\/posts\/43831","targetHints":{"allow":["GET"]}}],"collection":[{"href":"https:\/\/eldiariodesanpedro.com.ar\/sitio\/wp-json\/wp\/v2\/posts"}],"about":[{"href":"https:\/\/eldiariodesanpedro.com.ar\/sitio\/wp-json\/wp\/v2\/types\/post"}],"author":[{"embeddable":true,"href":"https:\/\/eldiariodesanpedro.com.ar\/sitio\/wp-json\/wp\/v2\/users\/4"}],"replies":[{"embeddable":true,"href":"https:\/\/eldiariodesanpedro.com.ar\/sitio\/wp-json\/wp\/v2\/comments?post=43831"}],"version-history":[{"count":1,"href":"https:\/\/eldiariodesanpedro.com.ar\/sitio\/wp-json\/wp\/v2\/posts\/43831\/revisions"}],"predecessor-version":[{"id":43848,"href":"https:\/\/eldiariodesanpedro.com.ar\/sitio\/wp-json\/wp\/v2\/posts\/43831\/revisions\/43848"}],"wp:featuredmedia":[{"embeddable":true,"href":"https:\/\/eldiariodesanpedro.com.ar\/sitio\/wp-json\/wp\/v2\/media\/43834"}],"wp:attachment":[{"href":"https:\/\/eldiariodesanpedro.com.ar\/sitio\/wp-json\/wp\/v2\/media?parent=43831"}],"wp:term":[{"taxonomy":"category","embeddable":true,"href":"https:\/\/eldiariodesanpedro.com.ar\/sitio\/wp-json\/wp\/v2\/categories?post=43831"},{"taxonomy":"post_tag","embeddable":true,"href":"https:\/\/eldiariodesanpedro.com.ar\/sitio\/wp-json\/wp\/v2\/tags?post=43831"}],"curies":[{"name":"wp","href":"https:\/\/api.w.org\/{rel}","templated":true}]}}