{"id":43824,"date":"2018-11-20T17:00:09","date_gmt":"2018-11-20T20:00:09","guid":{"rendered":"https:\/\/eldiariodesanpedro.com.ar\/sitio\/?p=43824"},"modified":"2018-11-20T17:00:09","modified_gmt":"2018-11-20T20:00:09","slug":"rock-en-baradero-la-beriso-y-kapanga-cierran-el-festival","status":"publish","type":"post","link":"https:\/\/eldiariodesanpedro.com.ar\/sitio\/rock-en-baradero-la-beriso-y-kapanga-cierran-el-festival\/","title":{"rendered":"ROCK EN BARADERO: La Beriso y Kapanga cierran el festival"},"content":{"rendered":"<p><!-- VideographyWP Plugin Message: Automatic video embedding prevented by plugin options. --><br \/>\nEsta ma\u00f1ana de martes se conocieron los detalles de la grilla que completar\u00e1 el d\u00eda tres del evento que se desarrollar\u00e1 del 2 al 4 de marzo en el anfiteatro municipal. Adem\u00e1s estar\u00e1n Estelares, Los Pericos, Coti entre otros.<br \/>\nA trav\u00e9s de la p\u00e1gina \u201cRock en Baradero\u201d expresaron: el line up de los tres d\u00edas est\u00e1 (casi) anunciado en su totalidad y la manija no para de crecer.<\/p>\n<p>Estos son los grupos que se presentaran em el festival:<br \/>\nLa Beriso &#8211; Kapanga &#8211; Estelares &#8211; Los Pericos &#8211; El Kuelgue &#8211; Eruca Sativa &#8211; Coti &#8211; La Delio Valdez &#8211; Octafonic &#8211; Coverheads &#8211; Josefita &#8211; Revanchistas &#8211; Sirio &#8211; Insobrio &#8211; V Bernardi &#8211; Terapia &#8211; Literal (USA)  &#8211; Luceros El Ojo Daltonico<\/p>\n<p>El concepto del festival se expande a\u00f1o tras a\u00f1o en busca de un sonido que nos represente a todos<\/p>\n","protected":false},"excerpt":{"rendered":"<p>Esta ma\u00f1ana de martes se conocieron los detalles de la grilla que completar\u00e1 el d\u00eda tres del evento que se desarrollar\u00e1 del 2 al 4 de marzo en el anfiteatro municipal. Adem\u00e1s estar\u00e1n Estelares, Los Pericos, Coti entre otros. A trav\u00e9s de la p\u00e1gina \u201cRock en Baradero\u201d expresaron: el line up de los tres d\u00edas [&hellip;]<\/p>\n","protected":false},"author":4,"featured_media":43825,"comment_status":"open","ping_status":"closed","sticky":false,"template":"","format":"standard","meta":{"om_disable_all_campaigns":false,"_jetpack_memberships_contains_paid_content":false,"footnotes":""},"categories":[621],"tags":[],"class_list":["post-43824","post","type-post","status-publish","format-standard","has-post-thumbnail","hentry","category-regionales"],"aioseo_notices":[],"gutentor_comment":0,"jetpack_featured_media_url":"https:\/\/eldiariodesanpedro.com.ar\/sitio\/wp-content\/uploads\/2018\/11\/20180131104834_.PORTADA-NOTA-5-1.jpg","jetpack_shortlink":"https:\/\/wp.me\/p6RhLt-boQ","jetpack_sharing_enabled":true,"_links":{"self":[{"href":"https:\/\/eldiariodesanpedro.com.ar\/sitio\/wp-json\/wp\/v2\/posts\/43824","targetHints":{"allow":["GET"]}}],"collection":[{"href":"https:\/\/eldiariodesanpedro.com.ar\/sitio\/wp-json\/wp\/v2\/posts"}],"about":[{"href":"https:\/\/eldiariodesanpedro.com.ar\/sitio\/wp-json\/wp\/v2\/types\/post"}],"author":[{"embeddable":true,"href":"https:\/\/eldiariodesanpedro.com.ar\/sitio\/wp-json\/wp\/v2\/users\/4"}],"replies":[{"embeddable":true,"href":"https:\/\/eldiariodesanpedro.com.ar\/sitio\/wp-json\/wp\/v2\/comments?post=43824"}],"version-history":[{"count":1,"href":"https:\/\/eldiariodesanpedro.com.ar\/sitio\/wp-json\/wp\/v2\/posts\/43824\/revisions"}],"predecessor-version":[{"id":43826,"href":"https:\/\/eldiariodesanpedro.com.ar\/sitio\/wp-json\/wp\/v2\/posts\/43824\/revisions\/43826"}],"wp:featuredmedia":[{"embeddable":true,"href":"https:\/\/eldiariodesanpedro.com.ar\/sitio\/wp-json\/wp\/v2\/media\/43825"}],"wp:attachment":[{"href":"https:\/\/eldiariodesanpedro.com.ar\/sitio\/wp-json\/wp\/v2\/media?parent=43824"}],"wp:term":[{"taxonomy":"category","embeddable":true,"href":"https:\/\/eldiariodesanpedro.com.ar\/sitio\/wp-json\/wp\/v2\/categories?post=43824"},{"taxonomy":"post_tag","embeddable":true,"href":"https:\/\/eldiariodesanpedro.com.ar\/sitio\/wp-json\/wp\/v2\/tags?post=43824"}],"curies":[{"name":"wp","href":"https:\/\/api.w.org\/{rel}","templated":true}]}}