{"id":43821,"date":"2018-11-20T12:24:43","date_gmt":"2018-11-20T15:24:43","guid":{"rendered":"https:\/\/eldiariodesanpedro.com.ar\/sitio\/?p=43821"},"modified":"2018-11-20T12:24:43","modified_gmt":"2018-11-20T15:24:43","slug":"marcela-cuner-tuvimos-un-fin-de-semana-intenso-con-muchisimo-trabajo-y-gran-convocatoria-de-turistas","status":"publish","type":"post","link":"https:\/\/eldiariodesanpedro.com.ar\/sitio\/marcela-cuner-tuvimos-un-fin-de-semana-intenso-con-muchisimo-trabajo-y-gran-convocatoria-de-turistas\/","title":{"rendered":"Marcela Cu\u00f1er: \u00abTuvimos un fin de semana intenso con much\u00edsimo trabajo y gran convocatoria de turistas\u00bb"},"content":{"rendered":"<p><!-- VideographyWP Plugin Message: Automatic video embedding prevented by plugin options. --><br \/>\nEsta ma\u00f1ana dialogamos con la Directora de Turismo, Marcela Cu\u00f1er quien nos cont\u00f3 un resumen de lo que fue el fin de semana largo en nuestra ciudad y nos adelanto la actividad para el pr\u00f3ximo sabado y domingo.<\/p>\n<p>\u00abla expectativa que ten\u00edamos se cumpli\u00f3, much\u00edsimo trabajo y much\u00edsima actividad durante estos tres d\u00edas, comenzamos el sabado culminando con la primera etapa de lo que va hacer la escalera de las flores,  nos agarro un chaparr\u00f3n de agua pero pudimos seguir, hasta ahora el dato que tenemos es que es la primera escalera en Argentina que tiene esta intervenci\u00f3n tan grande con el trabajo de mosaiquismo, que participaron 99 personas, vinieron de Santiago del Estero tambi\u00e9n para participar de esta actividad y que el domingo se les entrego diplomas\u00bb<\/p>\n<p>\u00abEn el Tiro Federal hubo gran cantidad de gente, de turistas, ya esta habilitado para que puedan pasar el d\u00eda, es Municipal, hay juegos, hamacas paraguayas, cancha de voley, muy lindo predio para pasar el dia\u00bb<\/p>\n<p>\u00abEl s\u00e1bado estuvimos en Pilar en un evento que se lleva acabo en Golfers donde el cfp 403 de Uthgra San Pedro,<br \/>\nllevo producci\u00f3n de aqu\u00ed. Participan ocho escuelas de Uthgra entre ellas San Pedro, en esta ocasi\u00f3n tambi\u00e9n se promocion\u00f3 tur\u00edsticamente la ciudad, estuvo presente  el Secretario General Luis Barrionuevo\u00bb.<\/p>\n<p>\u00abGran convocatoria de lo que fue el torneo de Aeromodelismo en el Aero Club, El Encuentro Norte\u00f1o en el Paseo Publico y El V\u00eda Rock, en el Via Crucis con entrada Libre y Gratuita\u00bb<\/p>\n<p>Por ultimo nos adelanto que ya se est\u00e1n preparando para este pr\u00f3ximo fin de semana con el Mega Festival del Aire por tercera vez: \u00abPueden volar en parapentes, los globos est\u00e1n confirmados que vienen y lo mas importante es que va haber un pantalla gigante donde se va a pasar el clasico River vs Boca en un sector destacado,  la entrada es un alimento no perecedero que se va a distribuir con la ciudad de Baradero porque el Festival se realiza con la loca\u00f1lidad vecina, va haber estacionamiento y vamos a tener eco vasos, a la bebida que consuman se le suman 30 pesos que pueden llevarse el vaso o no, lo pueden devolver y le damos el dinero\u00bb.<\/p>\n","protected":false},"excerpt":{"rendered":"<p>Esta ma\u00f1ana dialogamos con la Directora de Turismo, Marcela Cu\u00f1er quien nos cont\u00f3 un resumen de lo que fue el fin de semana largo en nuestra ciudad y nos adelanto la actividad para el pr\u00f3ximo sabado y domingo. \u00abla expectativa que ten\u00edamos se cumpli\u00f3, much\u00edsimo trabajo y much\u00edsima actividad durante estos tres d\u00edas, comenzamos el [&hellip;]<\/p>\n","protected":false},"author":4,"featured_media":43822,"comment_status":"open","ping_status":"closed","sticky":false,"template":"","format":"standard","meta":{"om_disable_all_campaigns":false,"_jetpack_memberships_contains_paid_content":false,"footnotes":""},"categories":[50,101,2],"tags":[],"class_list":["post-43821","post","type-post","status-publish","format-standard","has-post-thumbnail","hentry","category-destacadas","category-interes-general-locales","category-locales"],"aioseo_notices":[],"gutentor_comment":0,"jetpack_featured_media_url":"https:\/\/eldiariodesanpedro.com.ar\/sitio\/wp-content\/uploads\/2018\/11\/cuner_turismo_conciencia_turistica-e1542727445299.jpg","jetpack_shortlink":"https:\/\/wp.me\/p6RhLt-boN","jetpack_sharing_enabled":true,"_links":{"self":[{"href":"https:\/\/eldiariodesanpedro.com.ar\/sitio\/wp-json\/wp\/v2\/posts\/43821","targetHints":{"allow":["GET"]}}],"collection":[{"href":"https:\/\/eldiariodesanpedro.com.ar\/sitio\/wp-json\/wp\/v2\/posts"}],"about":[{"href":"https:\/\/eldiariodesanpedro.com.ar\/sitio\/wp-json\/wp\/v2\/types\/post"}],"author":[{"embeddable":true,"href":"https:\/\/eldiariodesanpedro.com.ar\/sitio\/wp-json\/wp\/v2\/users\/4"}],"replies":[{"embeddable":true,"href":"https:\/\/eldiariodesanpedro.com.ar\/sitio\/wp-json\/wp\/v2\/comments?post=43821"}],"version-history":[{"count":1,"href":"https:\/\/eldiariodesanpedro.com.ar\/sitio\/wp-json\/wp\/v2\/posts\/43821\/revisions"}],"predecessor-version":[{"id":43823,"href":"https:\/\/eldiariodesanpedro.com.ar\/sitio\/wp-json\/wp\/v2\/posts\/43821\/revisions\/43823"}],"wp:featuredmedia":[{"embeddable":true,"href":"https:\/\/eldiariodesanpedro.com.ar\/sitio\/wp-json\/wp\/v2\/media\/43822"}],"wp:attachment":[{"href":"https:\/\/eldiariodesanpedro.com.ar\/sitio\/wp-json\/wp\/v2\/media?parent=43821"}],"wp:term":[{"taxonomy":"category","embeddable":true,"href":"https:\/\/eldiariodesanpedro.com.ar\/sitio\/wp-json\/wp\/v2\/categories?post=43821"},{"taxonomy":"post_tag","embeddable":true,"href":"https:\/\/eldiariodesanpedro.com.ar\/sitio\/wp-json\/wp\/v2\/tags?post=43821"}],"curies":[{"name":"wp","href":"https:\/\/api.w.org\/{rel}","templated":true}]}}