{"id":43807,"date":"2018-11-20T11:04:53","date_gmt":"2018-11-20T14:04:53","guid":{"rendered":"https:\/\/eldiariodesanpedro.com.ar\/sitio\/?p=43807"},"modified":"2018-11-20T11:04:53","modified_gmt":"2018-11-20T14:04:53","slug":"gran-cantidad-de-aprehendidos-este-fin-de-semana-largo-por-pedido-de-captura-activo-motos-robadas-y-rinas","status":"publish","type":"post","link":"https:\/\/eldiariodesanpedro.com.ar\/sitio\/gran-cantidad-de-aprehendidos-este-fin-de-semana-largo-por-pedido-de-captura-activo-motos-robadas-y-rinas\/","title":{"rendered":"Gran cantidad de aprehendidos este fin de semana largo por pedido de captura activo, motos robadas y ri\u00f1as"},"content":{"rendered":"<p><!-- VideographyWP Plugin Message: Automatic video embedding prevented by plugin options. --><br \/>\nResumiendo la actividad policial durante este fin de semana largo, desde el sabado 17 al lunes 19 del corriente mes, mas de 10 personas fueron aprehendidas en diferentes operativos. Motos robadas, capturas activas, desobediencia a la autoridad y ri\u00f1as, lo mas destacado fue un herido de arma blanca el sabado por la madrugada.<\/p>\n<p>Esta ma\u00f1ana visitamos al Comisario Galeano quien en entrevista nos brindo detalles del fin de semana:<\/p>\n<p>\u00abEn distintos puntos de la ciudad, ya est\u00e1bamos previsto a este fin de semana largo, se realizaron distintos operativos pero como lo venimos haciendo de costumbre, solo se reforz\u00f3 un poco mas el personal en distintos puntos de la ciudad, hubo trasladados con motos robadas y adulteradas; otros  que presentaban pedidos de captura por diferentes delitos Polic\u00eda , tenemos un hecho de lesiones graves de una persona herida de gravedad oriunda de Campana que se estableci\u00f3 luego la autoria de un masculino de San Pedro, causas relaci\u00f3n sentimental, estuvo en primera instancia peligro de vida pero se pudo establecer que esta persona esta estable y tomo intervenci\u00f3n la Fiscal de turno\u00bb.<\/p>\n<p>Tambi\u00e9n le solicitamos que nos cuente como estaban trabajando con el personal que paso de ser polic\u00eda local a formar parte de la Jefatura Distrital y nos cont\u00f3: \u00absumamos mas de 80 efectivos que fueron distribuidos a la sub dependencia distribuidos en los destacamentos de Gobernador Castro, Santa Lucia, La Tosquera y Pueblo Doyle, a esto quedaron 60 efectivos que se sumaron a la comisaria local, el trabajo es volcarlo a la calle, que como ver\u00e1n se refleja mas en los operativos, destacamos la prevenci\u00f3n del delito, es fundamental destacarlos ahora en esto\u00bb.<\/p>\n<p>Con respecto a la caniche que fue despellejada y tirada en el patio del domicilio de su due\u00f1a, este domingo por la tarde, dijo que fue radicada la denuncia por un familiar y que hab\u00eda tomado intervenci\u00f3n la fiscalia de turno sin tener sospecha alguna por ahora del autor del terrible hecho.<\/p>\n<p>Por ultimo, el  parte policial del d\u00eda lunes se refiere tambi\u00e9n a la aprehensi\u00f3n de un menor de 16 a\u00f1os por desobediencia a la autoridad en calle Mitre y Ruta 1001, prohibici\u00f3n de acercamiento a un domicilio;  en calle Laprida al 630 un joven de 20 aprehendido tras corta persecuci\u00f3n y  tras resistirse logran secuestrarle en su poder un arma blanca y baguyos de marihuana.<\/p>\n<p>En Santa Lucia, la aprehensi\u00f3n de un joven con antecedentes de 17, quien ingresaba a una vivienda, sita en Am\u00e9rica y Belgrano  , por sobre los tapiales, sin causas da\u00f1os ni faltantes de elementos de la propiedad.<\/p>\n<p>Solo un hecho de hurto fue registrado donde sustraen una motocicleta Guerrero Trip 110 cc del interior de una vivienda sita en calle Maino al 200. <\/p>\n","protected":false},"excerpt":{"rendered":"<p>Resumiendo la actividad policial durante este fin de semana largo, desde el sabado 17 al lunes 19 del corriente mes, mas de 10 personas fueron aprehendidas en diferentes operativos. Motos robadas, capturas activas, desobediencia a la autoridad y ri\u00f1as, lo mas destacado fue un herido de arma blanca el sabado por la madrugada. Esta ma\u00f1ana [&hellip;]<\/p>\n","protected":false},"author":4,"featured_media":16982,"comment_status":"open","ping_status":"closed","sticky":false,"template":"","format":"standard","meta":{"om_disable_all_campaigns":false,"_jetpack_memberships_contains_paid_content":false,"footnotes":""},"categories":[50,2,103],"tags":[],"class_list":["post-43807","post","type-post","status-publish","format-standard","has-post-thumbnail","hentry","category-destacadas","category-locales","category-policiales-locales"],"aioseo_notices":[],"gutentor_comment":0,"jetpack_featured_media_url":"https:\/\/eldiariodesanpedro.com.ar\/sitio\/wp-content\/uploads\/2017\/04\/DSC_0215-e1492514874414.jpg","jetpack_shortlink":"https:\/\/wp.me\/p6RhLt-boz","jetpack_sharing_enabled":true,"_links":{"self":[{"href":"https:\/\/eldiariodesanpedro.com.ar\/sitio\/wp-json\/wp\/v2\/posts\/43807","targetHints":{"allow":["GET"]}}],"collection":[{"href":"https:\/\/eldiariodesanpedro.com.ar\/sitio\/wp-json\/wp\/v2\/posts"}],"about":[{"href":"https:\/\/eldiariodesanpedro.com.ar\/sitio\/wp-json\/wp\/v2\/types\/post"}],"author":[{"embeddable":true,"href":"https:\/\/eldiariodesanpedro.com.ar\/sitio\/wp-json\/wp\/v2\/users\/4"}],"replies":[{"embeddable":true,"href":"https:\/\/eldiariodesanpedro.com.ar\/sitio\/wp-json\/wp\/v2\/comments?post=43807"}],"version-history":[{"count":1,"href":"https:\/\/eldiariodesanpedro.com.ar\/sitio\/wp-json\/wp\/v2\/posts\/43807\/revisions"}],"predecessor-version":[{"id":43808,"href":"https:\/\/eldiariodesanpedro.com.ar\/sitio\/wp-json\/wp\/v2\/posts\/43807\/revisions\/43808"}],"wp:featuredmedia":[{"embeddable":true,"href":"https:\/\/eldiariodesanpedro.com.ar\/sitio\/wp-json\/wp\/v2\/media\/16982"}],"wp:attachment":[{"href":"https:\/\/eldiariodesanpedro.com.ar\/sitio\/wp-json\/wp\/v2\/media?parent=43807"}],"wp:term":[{"taxonomy":"category","embeddable":true,"href":"https:\/\/eldiariodesanpedro.com.ar\/sitio\/wp-json\/wp\/v2\/categories?post=43807"},{"taxonomy":"post_tag","embeddable":true,"href":"https:\/\/eldiariodesanpedro.com.ar\/sitio\/wp-json\/wp\/v2\/tags?post=43807"}],"curies":[{"name":"wp","href":"https:\/\/api.w.org\/{rel}","templated":true}]}}