{"id":43803,"date":"2018-11-19T21:12:37","date_gmt":"2018-11-20T00:12:37","guid":{"rendered":"https:\/\/eldiariodesanpedro.com.ar\/sitio\/?p=43803"},"modified":"2018-11-19T21:12:37","modified_gmt":"2018-11-20T00:12:37","slug":"anses-informa-jubilados-y-pensionados-pueden-nombrar-a-un-apoderado-ante-anses","status":"publish","type":"post","link":"https:\/\/eldiariodesanpedro.com.ar\/sitio\/anses-informa-jubilados-y-pensionados-pueden-nombrar-a-un-apoderado-ante-anses\/","title":{"rendered":"ANSES INFORMA: Jubilados y pensionados pueden nombrar a un apoderado ante ANSES"},"content":{"rendered":"<p><!-- VideographyWP Plugin Message: Automatic video embedding prevented by plugin options. --><br \/>\nTanto jubilados como pensionados tienen la posibilidad de designar a un apoderado para hacer tr\u00e1mites en las oficinas de ANSES o cobrar sus haberes previsionales. El representante debe ser mayor de 18 a\u00f1os de edad (si es menor, deber\u00e1 estar emancipado) y tendr\u00e1 que registrarse en el sistema de identificaci\u00f3n biom\u00e9trica Mi Huella.<br \/>\nEl tr\u00e1mite de nombramiento del apoderado debe hacerse presencialmente en cualquier delegaci\u00f3n de la ANSES, previa solicitud de turno al 130, gratuito desde tel\u00e9fonos fijos, o bien, desde www.anses.gob.ar , secci\u00f3n Accesos R\u00e1pidos, Turnos, Sacar turno y seleccionar Apoderado. No obstante, si el representante elegido es familiar directo del titular podr\u00e1 dirigirse de manera espont\u00e1nea a una oficina del organismo sin turno previo.<\/p>\n<p><strong>Grupos de pago para ma\u00f1ana<\/strong><br \/>\nJubilados y pensionados cuyos haberes no superan los $9816 y sus documentos terminan en 6.<br \/>\nTitulares de la Asignaci\u00f3n Universal por Hijo y por Embarazo cuyos documentos terminan en 9.<\/p>\n","protected":false},"excerpt":{"rendered":"<p>Tanto jubilados como pensionados tienen la posibilidad de designar a un apoderado para hacer tr\u00e1mites en las oficinas de ANSES o cobrar sus haberes previsionales. El representante debe ser mayor de 18 a\u00f1os de edad (si es menor, deber\u00e1 estar emancipado) y tendr\u00e1 que registrarse en el sistema de identificaci\u00f3n biom\u00e9trica Mi Huella. El tr\u00e1mite [&hellip;]<\/p>\n","protected":false},"author":4,"featured_media":2499,"comment_status":"open","ping_status":"closed","sticky":false,"template":"","format":"standard","meta":{"om_disable_all_campaigns":false,"_jetpack_memberships_contains_paid_content":false,"footnotes":""},"categories":[101,2],"tags":[],"class_list":["post-43803","post","type-post","status-publish","format-standard","has-post-thumbnail","hentry","category-interes-general-locales","category-locales"],"aioseo_notices":[],"gutentor_comment":0,"jetpack_featured_media_url":"https:\/\/eldiariodesanpedro.com.ar\/sitio\/wp-content\/uploads\/2016\/03\/53614_p7-anses.jpg","jetpack_shortlink":"https:\/\/wp.me\/p6RhLt-bov","jetpack_sharing_enabled":true,"_links":{"self":[{"href":"https:\/\/eldiariodesanpedro.com.ar\/sitio\/wp-json\/wp\/v2\/posts\/43803","targetHints":{"allow":["GET"]}}],"collection":[{"href":"https:\/\/eldiariodesanpedro.com.ar\/sitio\/wp-json\/wp\/v2\/posts"}],"about":[{"href":"https:\/\/eldiariodesanpedro.com.ar\/sitio\/wp-json\/wp\/v2\/types\/post"}],"author":[{"embeddable":true,"href":"https:\/\/eldiariodesanpedro.com.ar\/sitio\/wp-json\/wp\/v2\/users\/4"}],"replies":[{"embeddable":true,"href":"https:\/\/eldiariodesanpedro.com.ar\/sitio\/wp-json\/wp\/v2\/comments?post=43803"}],"version-history":[{"count":1,"href":"https:\/\/eldiariodesanpedro.com.ar\/sitio\/wp-json\/wp\/v2\/posts\/43803\/revisions"}],"predecessor-version":[{"id":43805,"href":"https:\/\/eldiariodesanpedro.com.ar\/sitio\/wp-json\/wp\/v2\/posts\/43803\/revisions\/43805"}],"wp:featuredmedia":[{"embeddable":true,"href":"https:\/\/eldiariodesanpedro.com.ar\/sitio\/wp-json\/wp\/v2\/media\/2499"}],"wp:attachment":[{"href":"https:\/\/eldiariodesanpedro.com.ar\/sitio\/wp-json\/wp\/v2\/media?parent=43803"}],"wp:term":[{"taxonomy":"category","embeddable":true,"href":"https:\/\/eldiariodesanpedro.com.ar\/sitio\/wp-json\/wp\/v2\/categories?post=43803"},{"taxonomy":"post_tag","embeddable":true,"href":"https:\/\/eldiariodesanpedro.com.ar\/sitio\/wp-json\/wp\/v2\/tags?post=43803"}],"curies":[{"name":"wp","href":"https:\/\/api.w.org\/{rel}","templated":true}]}}