{"id":43798,"date":"2018-11-19T21:10:23","date_gmt":"2018-11-20T00:10:23","guid":{"rendered":"https:\/\/eldiariodesanpedro.com.ar\/sitio\/?p=43798"},"modified":"2018-11-19T21:10:23","modified_gmt":"2018-11-20T00:10:23","slug":"nuevo-atractivo-concluyo-la-segunda-etapa-de-la-escalera-de-las-flores","status":"publish","type":"post","link":"https:\/\/eldiariodesanpedro.com.ar\/sitio\/nuevo-atractivo-concluyo-la-segunda-etapa-de-la-escalera-de-las-flores\/","title":{"rendered":"NUEVO ATRACTIVO: Concluy\u00f3 la segunda etapa de \u00abla escalera de las flores\u00bb"},"content":{"rendered":"<p><!-- VideographyWP Plugin Message: Automatic video embedding prevented by plugin options. --><br \/>\nEl trabajo encabezado por Mariana Maroli y Mar\u00eda Luz M\u00e9ndez y un nutrido grupo de colaboradoras logr\u00f3 cambiarle la fisonom\u00eda a \u201cla escalera de las flores\u201d. El s\u00e1bado se complet\u00f3 una nueva etapa.  <\/p>\n<p>Un d\u00eda el universo nos junt\u00f3 y descubrimos que adem\u00e1s de tener las mismas iniciales en nuestros nombres y apellido ten\u00edamos la misma pasi\u00f3n por el arte. Coincidimos en la idea de mostrar nuestro arte a las calles donde todos puedan disfrutarlo.<\/p>\n<p>Un d\u00eda conversamos sobre los bellos lugares que tiene nuestra ciudad y volvimos a coincidir en un anhelo de muchos, el darle color a nueva escalera.  Sab\u00edamos tambi\u00e9n que Solana Font (en ese momento presidenta de la c\u00e1mara de turismo) y Marcela Cu\u00f1er (directora de turismo municipal) como muchos otros colegas y amigos tambi\u00e9n ve\u00edan muy gris a esta Escalera y les parec\u00eda que como en el resto del mundo San Pedro podr\u00eda tener un mosaico en la escalera para que la disfruten turistas y sampedrinos. Y as\u00ed fue que armamos nuestra propuesta de donar nuestro trabajo y talleres gratuitos para juntar voluntarios y hacer realidad este sue\u00f1o. El municipio acept\u00f3, compr\u00f3 los materiales necesarios y la casona de turismo se convirti\u00f3 en un taller de mosaico.<br \/>\nY m\u00e1s empezamos a dibujar y borrar y volver a dibujar, no fue sencillo encontrar una imagen que nos represente social y culturalmente as\u00ed que durante varios meses dibujamos muchos bocetos hasta que llegamos a la idea de las flores!! Nos acercaron muchas ideas como la de German Tetamantti de la sugerencia de la importancia de poner flores aut\u00f3ctonas y muchas m\u00e1s que seguramente las podremos plasmar en otros proyectos como el de los dinosaurios tengan su imagen, la m\u00fasica folcl\u00f3rica o El Country, los inmigrantes y la zona rural. Seguramente m\u00e1s adelante seguiremos con otros proyectos para nuestro querido San Pedro.<br \/>\nHoy Queremos agradecer de coraz\u00f3n a nuestras familias por entendernos y acompa\u00f1arnos en esto que nos apasiona.<br \/>\n Nuestro agradecimiento al intendente Municipal Cecilio Salazar por permitirnos intervenir este espacio urbano y concretar este sue\u00f1o colectivo, nuestro agradecimiento tambi\u00e9n es para el secretario de coordinaci\u00f3n Ram\u00f3n Salazar y la directora de Turismo Marcela Cu\u00f1er por confiar en nuestra creatividad y gestionar todos los materiales. A Weber por regalarnos el pegamento y la pastina.<br \/>\nUn Gracias enorme a  M\u00f3nica Adriana G\u00f3mez, Loretta Bringas , Silvia Varela, Valeria Pavia colegas y amigas que colaboraron much\u00edsimo con nosotras  , un Gracias desde lo m\u00e1s profundo de nuestro coraz\u00f3n a los 92 voluntarios que hicieron su manzanillas para el primer tramo y a Nuestros padrinos art\u00edsticos en este primer tramos ,  al grupo de Mosaicos de la Pachamama (Artistas de distintos lugares del pa\u00eds C\u00f3rdoba, La Plata, Capital, Pilar, Punta Alta, Santiago del Estero, San Pedro, Jos\u00e9 M\u00e1rmol ) y tambi\u00e9n a otros artistas que viajaron muchos kil\u00f3metros para ayudarnos en la instalaci\u00f3n y a todos los que vinieron a darnos su trabajo, su tiempo y toda la buena energ\u00eda!<br \/>\nMil gracias como siempre a todos los medios period\u00edsticos que nos ayudan d\u00eda a d\u00eda a difundir nuestro trabajo.<br \/>\nUna jornada largaaaa llena de energ\u00eda!!<br \/>\nAbrazos de mil colores para todos y los esperamos en el pr\u00f3ximo tramo para seguir haciendo realidad la Escalera de las flores!!!! Mar\u00eda Luz Mendez- Mariana Maroli\u201d<\/p>\n","protected":false},"excerpt":{"rendered":"<p>El trabajo encabezado por Mariana Maroli y Mar\u00eda Luz M\u00e9ndez y un nutrido grupo de colaboradoras logr\u00f3 cambiarle la fisonom\u00eda a \u201cla escalera de las flores\u201d. El s\u00e1bado se complet\u00f3 una nueva etapa. Un d\u00eda el universo nos junt\u00f3 y descubrimos que adem\u00e1s de tener las mismas iniciales en nuestros nombres y apellido ten\u00edamos la [&hellip;]<\/p>\n","protected":false},"author":4,"featured_media":43799,"comment_status":"open","ping_status":"closed","sticky":false,"template":"","format":"standard","meta":{"om_disable_all_campaigns":false,"_jetpack_memberships_contains_paid_content":false,"footnotes":""},"categories":[101,2],"tags":[],"class_list":["post-43798","post","type-post","status-publish","format-standard","has-post-thumbnail","hentry","category-interes-general-locales","category-locales"],"aioseo_notices":[],"gutentor_comment":0,"jetpack_featured_media_url":"https:\/\/eldiariodesanpedro.com.ar\/sitio\/wp-content\/uploads\/2018\/11\/PAGINA-4-UNO-1.jpg","jetpack_shortlink":"https:\/\/wp.me\/p6RhLt-boq","jetpack_sharing_enabled":true,"_links":{"self":[{"href":"https:\/\/eldiariodesanpedro.com.ar\/sitio\/wp-json\/wp\/v2\/posts\/43798","targetHints":{"allow":["GET"]}}],"collection":[{"href":"https:\/\/eldiariodesanpedro.com.ar\/sitio\/wp-json\/wp\/v2\/posts"}],"about":[{"href":"https:\/\/eldiariodesanpedro.com.ar\/sitio\/wp-json\/wp\/v2\/types\/post"}],"author":[{"embeddable":true,"href":"https:\/\/eldiariodesanpedro.com.ar\/sitio\/wp-json\/wp\/v2\/users\/4"}],"replies":[{"embeddable":true,"href":"https:\/\/eldiariodesanpedro.com.ar\/sitio\/wp-json\/wp\/v2\/comments?post=43798"}],"version-history":[{"count":1,"href":"https:\/\/eldiariodesanpedro.com.ar\/sitio\/wp-json\/wp\/v2\/posts\/43798\/revisions"}],"predecessor-version":[{"id":43801,"href":"https:\/\/eldiariodesanpedro.com.ar\/sitio\/wp-json\/wp\/v2\/posts\/43798\/revisions\/43801"}],"wp:featuredmedia":[{"embeddable":true,"href":"https:\/\/eldiariodesanpedro.com.ar\/sitio\/wp-json\/wp\/v2\/media\/43799"}],"wp:attachment":[{"href":"https:\/\/eldiariodesanpedro.com.ar\/sitio\/wp-json\/wp\/v2\/media?parent=43798"}],"wp:term":[{"taxonomy":"category","embeddable":true,"href":"https:\/\/eldiariodesanpedro.com.ar\/sitio\/wp-json\/wp\/v2\/categories?post=43798"},{"taxonomy":"post_tag","embeddable":true,"href":"https:\/\/eldiariodesanpedro.com.ar\/sitio\/wp-json\/wp\/v2\/tags?post=43798"}],"curies":[{"name":"wp","href":"https:\/\/api.w.org\/{rel}","templated":true}]}}