{"id":43797,"date":"2018-11-19T21:10:18","date_gmt":"2018-11-20T00:10:18","guid":{"rendered":"https:\/\/eldiariodesanpedro.com.ar\/sitio\/?p=43797"},"modified":"2018-11-19T21:10:18","modified_gmt":"2018-11-20T00:10:18","slug":"un-hombre-gravemente-herido-a-punaladas","status":"publish","type":"post","link":"https:\/\/eldiariodesanpedro.com.ar\/sitio\/un-hombre-gravemente-herido-a-punaladas\/","title":{"rendered":"Un hombre gravemente herido a pu\u00f1aladas"},"content":{"rendered":"<p><!-- VideographyWP Plugin Message: Automatic video embedding prevented by plugin options. --><br \/>\nEste sabado a la madrugada promediando las 05 hs la polic\u00eda de nuestra ciudad es alertada que en calle Miguel Porta 2581 sobre la v\u00eda p\u00fablica de hallaba un masculino mayor de edad oriundo de la ciudad de campana lesionado arma blanca.<br \/>\nAl hacerse presente el SAME es trasladado al nosocomio, donde se dictamina seg\u00fan el m\u00e9dico de la guardia dos heridas punzantes zona costal izquierda, y cuello mismo lateral siendo los mismos de  car\u00e1cter graves.<br \/>\nTestimonios recibidos se estableci\u00f3 pelea con otro masculino quien lo lesiono, por cuestiones sentimentales, y que involucran ex pareja de la victima.  <\/p>\n","protected":false},"excerpt":{"rendered":"<p>Este sabado a la madrugada promediando las 05 hs la polic\u00eda de nuestra ciudad es alertada que en calle Miguel Porta 2581 sobre la v\u00eda p\u00fablica de hallaba un masculino mayor de edad oriundo de la ciudad de campana lesionado arma blanca. Al hacerse presente el SAME es trasladado al nosocomio, donde se dictamina seg\u00fan [&hellip;]<\/p>\n","protected":false},"author":4,"featured_media":35887,"comment_status":"open","ping_status":"closed","sticky":false,"template":"","format":"standard","meta":{"om_disable_all_campaigns":false,"_jetpack_memberships_contains_paid_content":false,"footnotes":""},"categories":[2,103],"tags":[],"class_list":["post-43797","post","type-post","status-publish","format-standard","has-post-thumbnail","hentry","category-locales","category-policiales-locales"],"aioseo_notices":[],"gutentor_comment":0,"jetpack_featured_media_url":"https:\/\/eldiariodesanpedro.com.ar\/sitio\/wp-content\/uploads\/2018\/07\/policia002-850x450.jpg","jetpack_shortlink":"https:\/\/wp.me\/p6RhLt-bop","jetpack_sharing_enabled":true,"_links":{"self":[{"href":"https:\/\/eldiariodesanpedro.com.ar\/sitio\/wp-json\/wp\/v2\/posts\/43797","targetHints":{"allow":["GET"]}}],"collection":[{"href":"https:\/\/eldiariodesanpedro.com.ar\/sitio\/wp-json\/wp\/v2\/posts"}],"about":[{"href":"https:\/\/eldiariodesanpedro.com.ar\/sitio\/wp-json\/wp\/v2\/types\/post"}],"author":[{"embeddable":true,"href":"https:\/\/eldiariodesanpedro.com.ar\/sitio\/wp-json\/wp\/v2\/users\/4"}],"replies":[{"embeddable":true,"href":"https:\/\/eldiariodesanpedro.com.ar\/sitio\/wp-json\/wp\/v2\/comments?post=43797"}],"version-history":[{"count":2,"href":"https:\/\/eldiariodesanpedro.com.ar\/sitio\/wp-json\/wp\/v2\/posts\/43797\/revisions"}],"predecessor-version":[{"id":43802,"href":"https:\/\/eldiariodesanpedro.com.ar\/sitio\/wp-json\/wp\/v2\/posts\/43797\/revisions\/43802"}],"wp:featuredmedia":[{"embeddable":true,"href":"https:\/\/eldiariodesanpedro.com.ar\/sitio\/wp-json\/wp\/v2\/media\/35887"}],"wp:attachment":[{"href":"https:\/\/eldiariodesanpedro.com.ar\/sitio\/wp-json\/wp\/v2\/media?parent=43797"}],"wp:term":[{"taxonomy":"category","embeddable":true,"href":"https:\/\/eldiariodesanpedro.com.ar\/sitio\/wp-json\/wp\/v2\/categories?post=43797"},{"taxonomy":"post_tag","embeddable":true,"href":"https:\/\/eldiariodesanpedro.com.ar\/sitio\/wp-json\/wp\/v2\/tags?post=43797"}],"curies":[{"name":"wp","href":"https:\/\/api.w.org\/{rel}","templated":true}]}}