{"id":43790,"date":"2018-11-19T21:05:54","date_gmt":"2018-11-20T00:05:54","guid":{"rendered":"https:\/\/eldiariodesanpedro.com.ar\/sitio\/?p=43790"},"modified":"2018-11-19T21:05:54","modified_gmt":"2018-11-20T00:05:54","slug":"conmocion-por-el-brutal-asesinato-de-una-perra","status":"publish","type":"post","link":"https:\/\/eldiariodesanpedro.com.ar\/sitio\/conmocion-por-el-brutal-asesinato-de-una-perra\/","title":{"rendered":"Conmoci\u00f3n por el brutal asesinato de una perra"},"content":{"rendered":"<p><!-- VideographyWP Plugin Message: Automatic video embedding prevented by plugin options. --><br \/>\nUna perra caniche fue brutalmente asesinada en la tarde del domingo en nuestra ciudad.<br \/>\nEl hecho fue denunciado a trav\u00e9s de las redes sociales por proteccionistas, indignados con lo sucedido, y reclamando la intervenci\u00f3n de la Justicia.<br \/>\nEl animal, de nombre \u00abM\u00eda\u00bb, fue robado por desconocidos del frente de la vivienda ubicada en Padre Santana al 1800, aprovechando la ausencia de sus due\u00f1os.<br \/>\nUna publicaci\u00f3n en \u00abChange.org\u00bb relata que \u00abfue despellejada\u00bb y muestra im\u00e1genes del estado en que qued\u00f3 el animal que fue arrojado al jard\u00edn del mismo domicilio.<br \/>\nLa petici\u00f3n online, que reuni\u00f3n miles de firmas en pocas horas, reclama \u00aba todas las autoridades competentes tomar cartas en este triste acontecimiento y a la Fiscal\u00eda hacer cumplir la Ley 14.436 contra el maltrato animal\u00bb. <\/p>\n<p>Fuente: Noticias San Pedro<\/p>\n","protected":false},"excerpt":{"rendered":"<p>Una perra caniche fue brutalmente asesinada en la tarde del domingo en nuestra ciudad. El hecho fue denunciado a trav\u00e9s de las redes sociales por proteccionistas, indignados con lo sucedido, y reclamando la intervenci\u00f3n de la Justicia. El animal, de nombre \u00abM\u00eda\u00bb, fue robado por desconocidos del frente de la vivienda ubicada en Padre Santana [&hellip;]<\/p>\n","protected":false},"author":4,"featured_media":0,"comment_status":"open","ping_status":"closed","sticky":false,"template":"","format":"standard","meta":{"om_disable_all_campaigns":false,"_jetpack_memberships_contains_paid_content":false,"footnotes":""},"categories":[2,103],"tags":[],"class_list":["post-43790","post","type-post","status-publish","format-standard","hentry","category-locales","category-policiales-locales"],"aioseo_notices":[],"gutentor_comment":0,"jetpack_featured_media_url":"","jetpack_shortlink":"https:\/\/wp.me\/p6RhLt-boi","jetpack_sharing_enabled":true,"_links":{"self":[{"href":"https:\/\/eldiariodesanpedro.com.ar\/sitio\/wp-json\/wp\/v2\/posts\/43790","targetHints":{"allow":["GET"]}}],"collection":[{"href":"https:\/\/eldiariodesanpedro.com.ar\/sitio\/wp-json\/wp\/v2\/posts"}],"about":[{"href":"https:\/\/eldiariodesanpedro.com.ar\/sitio\/wp-json\/wp\/v2\/types\/post"}],"author":[{"embeddable":true,"href":"https:\/\/eldiariodesanpedro.com.ar\/sitio\/wp-json\/wp\/v2\/users\/4"}],"replies":[{"embeddable":true,"href":"https:\/\/eldiariodesanpedro.com.ar\/sitio\/wp-json\/wp\/v2\/comments?post=43790"}],"version-history":[{"count":1,"href":"https:\/\/eldiariodesanpedro.com.ar\/sitio\/wp-json\/wp\/v2\/posts\/43790\/revisions"}],"predecessor-version":[{"id":43795,"href":"https:\/\/eldiariodesanpedro.com.ar\/sitio\/wp-json\/wp\/v2\/posts\/43790\/revisions\/43795"}],"wp:attachment":[{"href":"https:\/\/eldiariodesanpedro.com.ar\/sitio\/wp-json\/wp\/v2\/media?parent=43790"}],"wp:term":[{"taxonomy":"category","embeddable":true,"href":"https:\/\/eldiariodesanpedro.com.ar\/sitio\/wp-json\/wp\/v2\/categories?post=43790"},{"taxonomy":"post_tag","embeddable":true,"href":"https:\/\/eldiariodesanpedro.com.ar\/sitio\/wp-json\/wp\/v2\/tags?post=43790"}],"curies":[{"name":"wp","href":"https:\/\/api.w.org\/{rel}","templated":true}]}}