{"id":43789,"date":"2018-11-19T21:04:50","date_gmt":"2018-11-20T00:04:50","guid":{"rendered":"https:\/\/eldiariodesanpedro.com.ar\/sitio\/?p=43789"},"modified":"2018-11-19T21:04:50","modified_gmt":"2018-11-20T00:04:50","slug":"preocupacion-incendio-destruyo-dos-autos-secuestrados-en-el-deposito-municipal","status":"publish","type":"post","link":"https:\/\/eldiariodesanpedro.com.ar\/sitio\/preocupacion-incendio-destruyo-dos-autos-secuestrados-en-el-deposito-municipal\/","title":{"rendered":"PREOCUPACI\u00d3N: Incendio destruy\u00f3 dos autos secuestrados en el dep\u00f3sito municipal"},"content":{"rendered":"<p><!-- VideographyWP Plugin Message: Automatic video embedding prevented by plugin options. --><br \/>\nSucedi\u00f3 en la noche del domingo y afect\u00f3 a dos veh\u00edculos que se encontraban secuestrados en el dep\u00f3sito municipal.<br \/>\nDos veh\u00edculos que se encontraban secuestrados en el interior del dep\u00f3sito municipal se incendiaron y provocaron preocupaci\u00f3n por la propagaci\u00f3n que se pod\u00eda originar con respecto al resto de los rodados all\u00ed ubicados.<br \/>\nSucedi\u00f3 alrededor de las 23 horas en el predio ubicado sobre Crucero Gral. Belgrano, al lado dela planta Coplac.<br \/>\nPor cuestiones que se desconocen un auto Fiat Duna comenz\u00f3 a incendiarse y las llamas terminaron afectando a un Fiat 147 que se encontraba estacionado a su lado. <\/p>\n<p>Una dotaci\u00f3n del cuerpo de Bomberos Voluntarios acudi\u00f3 ante el alerta y r\u00e1pidamente extingui\u00f3 por completo el incendio.<br \/>\nLos dos veh\u00edculos quedaron pr\u00e1cticamente destruidos. <\/p>\n<p>Fuente: San Pedro Informa<\/p>\n","protected":false},"excerpt":{"rendered":"<p>Sucedi\u00f3 en la noche del domingo y afect\u00f3 a dos veh\u00edculos que se encontraban secuestrados en el dep\u00f3sito municipal. Dos veh\u00edculos que se encontraban secuestrados en el interior del dep\u00f3sito municipal se incendiaron y provocaron preocupaci\u00f3n por la propagaci\u00f3n que se pod\u00eda originar con respecto al resto de los rodados all\u00ed ubicados. Sucedi\u00f3 alrededor de [&hellip;]<\/p>\n","protected":false},"author":4,"featured_media":43792,"comment_status":"open","ping_status":"closed","sticky":false,"template":"","format":"standard","meta":{"om_disable_all_campaigns":false,"_jetpack_memberships_contains_paid_content":false,"footnotes":""},"categories":[2,103],"tags":[],"class_list":["post-43789","post","type-post","status-publish","format-standard","has-post-thumbnail","hentry","category-locales","category-policiales-locales"],"aioseo_notices":[],"gutentor_comment":0,"jetpack_featured_media_url":"https:\/\/eldiariodesanpedro.com.ar\/sitio\/wp-content\/uploads\/2018\/11\/PAGINA-3-UNO.jpeg","jetpack_shortlink":"https:\/\/wp.me\/p6RhLt-boh","jetpack_sharing_enabled":true,"_links":{"self":[{"href":"https:\/\/eldiariodesanpedro.com.ar\/sitio\/wp-json\/wp\/v2\/posts\/43789","targetHints":{"allow":["GET"]}}],"collection":[{"href":"https:\/\/eldiariodesanpedro.com.ar\/sitio\/wp-json\/wp\/v2\/posts"}],"about":[{"href":"https:\/\/eldiariodesanpedro.com.ar\/sitio\/wp-json\/wp\/v2\/types\/post"}],"author":[{"embeddable":true,"href":"https:\/\/eldiariodesanpedro.com.ar\/sitio\/wp-json\/wp\/v2\/users\/4"}],"replies":[{"embeddable":true,"href":"https:\/\/eldiariodesanpedro.com.ar\/sitio\/wp-json\/wp\/v2\/comments?post=43789"}],"version-history":[{"count":2,"href":"https:\/\/eldiariodesanpedro.com.ar\/sitio\/wp-json\/wp\/v2\/posts\/43789\/revisions"}],"predecessor-version":[{"id":43796,"href":"https:\/\/eldiariodesanpedro.com.ar\/sitio\/wp-json\/wp\/v2\/posts\/43789\/revisions\/43796"}],"wp:featuredmedia":[{"embeddable":true,"href":"https:\/\/eldiariodesanpedro.com.ar\/sitio\/wp-json\/wp\/v2\/media\/43792"}],"wp:attachment":[{"href":"https:\/\/eldiariodesanpedro.com.ar\/sitio\/wp-json\/wp\/v2\/media?parent=43789"}],"wp:term":[{"taxonomy":"category","embeddable":true,"href":"https:\/\/eldiariodesanpedro.com.ar\/sitio\/wp-json\/wp\/v2\/categories?post=43789"},{"taxonomy":"post_tag","embeddable":true,"href":"https:\/\/eldiariodesanpedro.com.ar\/sitio\/wp-json\/wp\/v2\/tags?post=43789"}],"curies":[{"name":"wp","href":"https:\/\/api.w.org\/{rel}","templated":true}]}}