{"id":43787,"date":"2018-11-19T21:04:42","date_gmt":"2018-11-20T00:04:42","guid":{"rendered":"https:\/\/eldiariodesanpedro.com.ar\/sitio\/?p=43787"},"modified":"2018-11-19T21:04:42","modified_gmt":"2018-11-20T00:04:42","slug":"incidente-auto-volco-en-la-subida-del-club-nautico","status":"publish","type":"post","link":"https:\/\/eldiariodesanpedro.com.ar\/sitio\/incidente-auto-volco-en-la-subida-del-club-nautico\/","title":{"rendered":"INCIDENTE: Auto volc\u00f3 en la subida del Club N\u00e1utico"},"content":{"rendered":"<p><!-- VideographyWP Plugin Message: Automatic video embedding prevented by plugin options. --><br \/>\nEl siniestro se origin\u00f3 alrededor de las 21 horas. En el auto viajaba una pareja de turistas oriundos de Longchamps que solo sufri\u00f3 lesiones leves.<br \/>\nUn auto Peugeot 307 gris, que circulaba por la avenida costanera y pretend\u00eda subir en sentido al centro, termin\u00f3 volcando luego de transitar unos pocos metros por la subida.<br \/>\nEn el veh\u00edculo viajaba una pareja oriunda de la localidad de Longchamps. Tanto el hombre como la mujer no sufrieron lesiones de consideraci\u00f3n pero por precauci\u00f3n fueron trasladados hasta la guardia del Hospital y luego de ser asistidos fueron dados de alta de inmediato.<br \/>\nEl incidente se produjo en el mismo lugar donde hace un tiempo atr\u00e1s volc\u00f3 un m\u00f3vil de la Direcci\u00f3n de Tr\u00e1nsito. No se descarta que el mal estado del cord\u00f3n, haya provocado que el veh\u00edculo lo embista y termine volcando. <\/p>\n<p>Fuente: San Pedro Informa <\/p>\n","protected":false},"excerpt":{"rendered":"<p>El siniestro se origin\u00f3 alrededor de las 21 horas. En el auto viajaba una pareja de turistas oriundos de Longchamps que solo sufri\u00f3 lesiones leves. Un auto Peugeot 307 gris, que circulaba por la avenida costanera y pretend\u00eda subir en sentido al centro, termin\u00f3 volcando luego de transitar unos pocos metros por la subida. En [&hellip;]<\/p>\n","protected":false},"author":4,"featured_media":43791,"comment_status":"open","ping_status":"closed","sticky":false,"template":"","format":"standard","meta":{"om_disable_all_campaigns":false,"_jetpack_memberships_contains_paid_content":false,"footnotes":""},"categories":[2,103],"tags":[],"class_list":["post-43787","post","type-post","status-publish","format-standard","has-post-thumbnail","hentry","category-locales","category-policiales-locales"],"aioseo_notices":[],"gutentor_comment":0,"jetpack_featured_media_url":"https:\/\/eldiariodesanpedro.com.ar\/sitio\/wp-content\/uploads\/2018\/11\/PAGINA-3-DOS-1.jpg","jetpack_shortlink":"https:\/\/wp.me\/p6RhLt-bof","jetpack_sharing_enabled":true,"_links":{"self":[{"href":"https:\/\/eldiariodesanpedro.com.ar\/sitio\/wp-json\/wp\/v2\/posts\/43787","targetHints":{"allow":["GET"]}}],"collection":[{"href":"https:\/\/eldiariodesanpedro.com.ar\/sitio\/wp-json\/wp\/v2\/posts"}],"about":[{"href":"https:\/\/eldiariodesanpedro.com.ar\/sitio\/wp-json\/wp\/v2\/types\/post"}],"author":[{"embeddable":true,"href":"https:\/\/eldiariodesanpedro.com.ar\/sitio\/wp-json\/wp\/v2\/users\/4"}],"replies":[{"embeddable":true,"href":"https:\/\/eldiariodesanpedro.com.ar\/sitio\/wp-json\/wp\/v2\/comments?post=43787"}],"version-history":[{"count":1,"href":"https:\/\/eldiariodesanpedro.com.ar\/sitio\/wp-json\/wp\/v2\/posts\/43787\/revisions"}],"predecessor-version":[{"id":43793,"href":"https:\/\/eldiariodesanpedro.com.ar\/sitio\/wp-json\/wp\/v2\/posts\/43787\/revisions\/43793"}],"wp:featuredmedia":[{"embeddable":true,"href":"https:\/\/eldiariodesanpedro.com.ar\/sitio\/wp-json\/wp\/v2\/media\/43791"}],"wp:attachment":[{"href":"https:\/\/eldiariodesanpedro.com.ar\/sitio\/wp-json\/wp\/v2\/media?parent=43787"}],"wp:term":[{"taxonomy":"category","embeddable":true,"href":"https:\/\/eldiariodesanpedro.com.ar\/sitio\/wp-json\/wp\/v2\/categories?post=43787"},{"taxonomy":"post_tag","embeddable":true,"href":"https:\/\/eldiariodesanpedro.com.ar\/sitio\/wp-json\/wp\/v2\/tags?post=43787"}],"curies":[{"name":"wp","href":"https:\/\/api.w.org\/{rel}","templated":true}]}}