{"id":43766,"date":"2018-11-19T20:10:13","date_gmt":"2018-11-19T23:10:13","guid":{"rendered":"https:\/\/eldiariodesanpedro.com.ar\/sitio\/?p=43766"},"modified":"2026-01-24T00:09:02","modified_gmt":"2026-01-24T03:09:02","slug":"natacion-maximiliano-rosello-gano-los-20k-vuelta-de-obligado-san-pedro","status":"publish","type":"post","link":"https:\/\/eldiariodesanpedro.com.ar\/sitio\/natacion-maximiliano-rosello-gano-los-20k-vuelta-de-obligado-san-pedro\/","title":{"rendered":"NATACI\u00d3N: Maximiliano Rosell\u00f3 gan\u00f3 los 20k Vuelta de Obligado-San Pedro"},"content":{"rendered":"<p><!-- VideographyWP Plugin Message: Automatic video embedding prevented by plugin options. --><br \/>\nEl nadador del club Pescadores San Pedro con un tiempo de 2 horas, 33 minutos, 53 segundos, se adjudic\u00f3 la victoria en la prueba de aguas abiertas llevada a cabo este domingo con 134 nadadores de todo el pa\u00eds. Segundo se ubic\u00f3 Lucas Bulacio y tercera Noelia Petti.<br \/>\nPor momentos con un ritmo impresionante, no se sacaron ventajas hasta el ingreso a la d\u00e1rsena del club, siendo los \u00faltimos 200 metros fundamentales para quedarse con el triunfo el deportista sampedrino Maxi Rosell\u00f3 (segundo en la edici\u00f3n 2017)  y Bulacio (ganador en 2015 y 2016) segundo, ambos en la foto principal de portada. Detr\u00e1s y a escasos minutos lleg\u00f3 Noelia Petti trecera (mismo puesto en 2017). Los nadadores locales Fernando Bennazar lleg\u00f3 noveno, Zuhair L\u00f3pez 17\u00b0 y Silvio Jaime 94\u00b0.<br \/>\nLos diez primeros son: Primero Maximiliano Rosell\u00f3 (2h33m53s), seguido de Lucas Bulacio (2h34m14s), tercera Noelia Petti (2h39m33s), luego se ubicaron Lautaro kenig, Salvador Barbero, Patricio Dottavio, Arturo Del Barrio, Ignacio Grignaschi, Fernando Bennazar y Gonzalo Chavez.<br \/>\nLa general varones fue 1\u00b0 Maximiliano Rosell\u00f3, 2\u00b0 Lucas Bulacio y 3\u00b0 Lautaro Kenig; General damas para 1\u00b0 Noelia Petti (2h39m33s), 2\u00b0 Sol Jerber (2h45m06s) y 3\u00b0 Manuela Buratti (2h47m45s).<\/p>\n","protected":false},"excerpt":{"rendered":"<p>El nadador del club Pescadores San Pedro con un tiempo de 2 horas, 33 minutos, 53 segundos, se adjudic\u00f3 la victoria en la prueba de aguas abiertas llevada a cabo este domingo con 134 nadadores de todo el pa\u00eds. Segundo se ubic\u00f3 Lucas Bulacio y tercera Noelia Petti. Por momentos con un ritmo impresionante, no [&hellip;]<\/p>\n","protected":false},"author":4,"featured_media":43770,"comment_status":"open","ping_status":"closed","sticky":false,"template":"","format":"standard","meta":{"om_disable_all_campaigns":false,"_jetpack_memberships_contains_paid_content":false,"footnotes":""},"categories":[5],"tags":[],"class_list":["post-43766","post","type-post","status-publish","format-standard","has-post-thumbnail","hentry","category-deportes"],"aioseo_notices":[],"gutentor_comment":0,"jetpack_featured_media_url":"https:\/\/eldiariodesanpedro.com.ar\/sitio\/wp-content\/uploads\/2018\/11\/Maxi-Rosell\u00f3-el-segundo-sampedrino-que-gana-en-siete-ediciones.jpg","jetpack_shortlink":"https:\/\/wp.me\/p6RhLt-bnU","jetpack_sharing_enabled":true,"_links":{"self":[{"href":"https:\/\/eldiariodesanpedro.com.ar\/sitio\/wp-json\/wp\/v2\/posts\/43766","targetHints":{"allow":["GET"]}}],"collection":[{"href":"https:\/\/eldiariodesanpedro.com.ar\/sitio\/wp-json\/wp\/v2\/posts"}],"about":[{"href":"https:\/\/eldiariodesanpedro.com.ar\/sitio\/wp-json\/wp\/v2\/types\/post"}],"author":[{"embeddable":true,"href":"https:\/\/eldiariodesanpedro.com.ar\/sitio\/wp-json\/wp\/v2\/users\/4"}],"replies":[{"embeddable":true,"href":"https:\/\/eldiariodesanpedro.com.ar\/sitio\/wp-json\/wp\/v2\/comments?post=43766"}],"version-history":[{"count":1,"href":"https:\/\/eldiariodesanpedro.com.ar\/sitio\/wp-json\/wp\/v2\/posts\/43766\/revisions"}],"predecessor-version":[{"id":43773,"href":"https:\/\/eldiariodesanpedro.com.ar\/sitio\/wp-json\/wp\/v2\/posts\/43766\/revisions\/43773"}],"wp:featuredmedia":[{"embeddable":true,"href":"https:\/\/eldiariodesanpedro.com.ar\/sitio\/wp-json\/wp\/v2\/media\/43770"}],"wp:attachment":[{"href":"https:\/\/eldiariodesanpedro.com.ar\/sitio\/wp-json\/wp\/v2\/media?parent=43766"}],"wp:term":[{"taxonomy":"category","embeddable":true,"href":"https:\/\/eldiariodesanpedro.com.ar\/sitio\/wp-json\/wp\/v2\/categories?post=43766"},{"taxonomy":"post_tag","embeddable":true,"href":"https:\/\/eldiariodesanpedro.com.ar\/sitio\/wp-json\/wp\/v2\/tags?post=43766"}],"curies":[{"name":"wp","href":"https:\/\/api.w.org\/{rel}","templated":true}]}}