{"id":43761,"date":"2018-11-19T20:01:20","date_gmt":"2018-11-19T23:01:20","guid":{"rendered":"https:\/\/eldiariodesanpedro.com.ar\/sitio\/?p=43761"},"modified":"2018-11-19T20:41:52","modified_gmt":"2018-11-19T23:41:52","slug":"acto-por-el-173o-aniversario-de-la-batalla-de-obligado","status":"publish","type":"post","link":"https:\/\/eldiariodesanpedro.com.ar\/sitio\/acto-por-el-173o-aniversario-de-la-batalla-de-obligado\/","title":{"rendered":"Acto por el 173\u00ba aniversario de la Batalla de Obligado"},"content":{"rendered":"<p><!-- VideographyWP Plugin Message: Automatic video embedding prevented by plugin options. --><br \/>\nComo cada a\u00f1o se realiz\u00f3 el acto de conmemoraci\u00f3n del D\u00eda de la Soberan\u00eda este lunes feriado por la ma\u00f1ana de manera anticipada, tuvo lugar en el monumento ubicado en la localidad de Vuelta de Obligado. <\/p>\n<p>El Intendente Cecilio Salazar y la Jefa Distrital de Educaci\u00f3n Mercedes Vell\u00f3n fueron los oradores en el acto de esta ma\u00f1ana conmemorando anticipadamente el 173 aniversario de la Batalla de Obligado y el D\u00eda de la Soberan\u00eda.<\/p>\n<p>Participaron funcionarios del gobierno municipal, el Concejo Deliberante, fuerzas de seguridad e instituciones. El Coro Guillermo Farabollini enton\u00f3 el Himno Nacional Argentino y cerr\u00f3 el acto con un repertorio especial.<\/p>\n<p><iframe data-src=\"https:\/\/www.facebook.com\/plugins\/video.php?href=https%3A%2F%2Fwww.facebook.com%2Fsanpedrobuenosaires%2Fvideos%2F253164562045692%2F&#038;show_text=0&#038;width=560\" width=\"560\" height=\"315\" style=\"border:none;overflow:hidden\" scrolling=\"no\" frameborder=\"0\" allowTransparency=\"true\" allowFullScreen=\"true\" src=\"data:image\/svg+xml;base64,PHN2ZyB3aWR0aD0iMSIgaGVpZ2h0PSIxIiB4bWxucz0iaHR0cDovL3d3dy53My5vcmcvMjAwMC9zdmciPjwvc3ZnPg==\" class=\"lazyload\" data-load-mode=\"1\"><\/iframe><\/p>\n","protected":false},"excerpt":{"rendered":"<p>Como cada a\u00f1o se realiz\u00f3 el acto de conmemoraci\u00f3n del D\u00eda de la Soberan\u00eda este lunes feriado por la ma\u00f1ana de manera anticipada, tuvo lugar en el monumento ubicado en la localidad de Vuelta de Obligado. El Intendente Cecilio Salazar y la Jefa Distrital de Educaci\u00f3n Mercedes Vell\u00f3n fueron los oradores en el acto de [&hellip;]<\/p>\n","protected":false},"author":4,"featured_media":43762,"comment_status":"open","ping_status":"closed","sticky":false,"template":"","format":"standard","meta":{"om_disable_all_campaigns":false,"_jetpack_memberships_contains_paid_content":false,"footnotes":""},"categories":[50,101,2],"tags":[],"class_list":["post-43761","post","type-post","status-publish","format-standard","has-post-thumbnail","hentry","category-destacadas","category-interes-general-locales","category-locales"],"aioseo_notices":[],"gutentor_comment":0,"jetpack_featured_media_url":"https:\/\/eldiariodesanpedro.com.ar\/sitio\/wp-content\/uploads\/2018\/11\/TAPA-1.jpg","jetpack_shortlink":"https:\/\/wp.me\/p6RhLt-bnP","jetpack_sharing_enabled":true,"_links":{"self":[{"href":"https:\/\/eldiariodesanpedro.com.ar\/sitio\/wp-json\/wp\/v2\/posts\/43761","targetHints":{"allow":["GET"]}}],"collection":[{"href":"https:\/\/eldiariodesanpedro.com.ar\/sitio\/wp-json\/wp\/v2\/posts"}],"about":[{"href":"https:\/\/eldiariodesanpedro.com.ar\/sitio\/wp-json\/wp\/v2\/types\/post"}],"author":[{"embeddable":true,"href":"https:\/\/eldiariodesanpedro.com.ar\/sitio\/wp-json\/wp\/v2\/users\/4"}],"replies":[{"embeddable":true,"href":"https:\/\/eldiariodesanpedro.com.ar\/sitio\/wp-json\/wp\/v2\/comments?post=43761"}],"version-history":[{"count":2,"href":"https:\/\/eldiariodesanpedro.com.ar\/sitio\/wp-json\/wp\/v2\/posts\/43761\/revisions"}],"predecessor-version":[{"id":43777,"href":"https:\/\/eldiariodesanpedro.com.ar\/sitio\/wp-json\/wp\/v2\/posts\/43761\/revisions\/43777"}],"wp:featuredmedia":[{"embeddable":true,"href":"https:\/\/eldiariodesanpedro.com.ar\/sitio\/wp-json\/wp\/v2\/media\/43762"}],"wp:attachment":[{"href":"https:\/\/eldiariodesanpedro.com.ar\/sitio\/wp-json\/wp\/v2\/media?parent=43761"}],"wp:term":[{"taxonomy":"category","embeddable":true,"href":"https:\/\/eldiariodesanpedro.com.ar\/sitio\/wp-json\/wp\/v2\/categories?post=43761"},{"taxonomy":"post_tag","embeddable":true,"href":"https:\/\/eldiariodesanpedro.com.ar\/sitio\/wp-json\/wp\/v2\/tags?post=43761"}],"curies":[{"name":"wp","href":"https:\/\/api.w.org\/{rel}","templated":true}]}}