{"id":43758,"date":"2018-11-17T12:20:45","date_gmt":"2018-11-17T15:20:45","guid":{"rendered":"https:\/\/eldiariodesanpedro.com.ar\/sitio\/?p=43758"},"modified":"2018-11-17T12:20:45","modified_gmt":"2018-11-17T15:20:45","slug":"ramallo-secuestro-de-estupefacientes-y-detenciones-en-ramallo-y-villa-ramallo","status":"publish","type":"post","link":"https:\/\/eldiariodesanpedro.com.ar\/sitio\/ramallo-secuestro-de-estupefacientes-y-detenciones-en-ramallo-y-villa-ramallo\/","title":{"rendered":"RAMALLO: Secuestro de estupefacientes y detenciones  en Ramallo y Villa Ramallo"},"content":{"rendered":"<p><!-- VideographyWP Plugin Message: Automatic video embedding prevented by plugin options. --><br \/>\nEfectivos pertenecientes a la Delegaci\u00f3n de Drogas Il\u00edcitas y Crimen Organizado de San Nicol\u00e1s llevaron adelante tres allanamientos, dos en jurisdicci\u00f3n de Ramallo y otro en Villa Ramallo, los cuales les dieron resultado positivo ante el secuestro de una cantidad no determinada de marihuana y coca\u00edna, plantas del primero de los cultivos, armas de fuego, m\u00e1s otros elementos que fueron considerados de importancia para la causa, y tambi\u00e9n detuvieron a tres personas que aparentemente se dedicar\u00edan a la venta al menudeo de estupefacientes.<br \/>\nLa investigaci\u00f3n dio comienzo a principios de octubre a ra\u00edz de una serie de denuncias telef\u00f3nicas que llegaron al 911 de Campana. Las personas que se comunicaban daba cuenta que en tres domicilios se comercializar\u00eda estupefacientes. A partir de ese momento se comenz\u00f3 con la investigaci\u00f3n policial que una vez reunida las pruebas correspondientes las elevaron al Fiscal, Dr. Patricio M\u00fagica D\u00edaz, a cargo de la Unidad Funcional N\u00ba 1 Tematizada en la comercializaci\u00f3n de estupefacientes, quien una vez estudiadas elev\u00f3 los pedidos de allanamiento al Juzgado de garant\u00edas N\u00b0 3 a cargo de la Dra. Mar\u00eda Eugenia Maiztegui, ambos del Departamento Judicial de San Nicol\u00e1s.- <\/p>\n<p>Secuestro<br \/>\nDesde la polic\u00eda actuante en los operativos se inform\u00f3 que se secuestraron los siguientes elementos: 19 envoltorios de Coca\u00edna, 2 trozos compactos de Marihuana, 18 envoltorios de Marihuana, 15 plantas de Cannabis Sativa, Cogollos de Marihuana, como a tambi\u00e9n el secuestro de 3 tel\u00e9fonos celulares, Recortes de Nylon Varios, 2 Balanzas de Precisi\u00f3n, 2 Rev\u00f3lveres de calibre 22, 1 Escopeta calibre 16, 4 L\u00e1mparas Al\u00f3genas, Estimulantes de Ra\u00edces y Boster, 5 Ventiladores, 3 Reguladores de Voltaje, 3 temporizadores del tipo Indoor o Vivero, y otros elementos considerados de importancia para la causa. <\/p>\n<p>Aprehendidos<br \/>\nEn las \u00faltimas horas en comunicaci\u00f3n telef\u00f3nica con EL NORTE el Dr. Mujica D\u00edaz confirm\u00f3 que horas despu\u00e9s los tres sujetos prestaron declaraci\u00f3n y posteriormente se solicito al Juzgado de Garant\u00edas N\u00ba 3 la conversi\u00f3n de la aprehensi\u00f3n en detenci\u00f3n. Estando a la espera de esa decisi\u00f3n de la Dra. Maiztegui y que una vez tomada esa medida judicial se solicitar\u00e1 la Prisi\u00f3n Preventiva.<\/p>\n<p>FUENTE: DIARIO EL NORTE <\/p>\n","protected":false},"excerpt":{"rendered":"<p>Efectivos pertenecientes a la Delegaci\u00f3n de Drogas Il\u00edcitas y Crimen Organizado de San Nicol\u00e1s llevaron adelante tres allanamientos, dos en jurisdicci\u00f3n de Ramallo y otro en Villa Ramallo, los cuales les dieron resultado positivo ante el secuestro de una cantidad no determinada de marihuana y coca\u00edna, plantas del primero de los cultivos, armas de fuego, [&hellip;]<\/p>\n","protected":false},"author":4,"featured_media":43759,"comment_status":"open","ping_status":"closed","sticky":false,"template":"","format":"standard","meta":{"om_disable_all_campaigns":false,"_jetpack_memberships_contains_paid_content":false,"footnotes":""},"categories":[621],"tags":[],"class_list":["post-43758","post","type-post","status-publish","format-standard","has-post-thumbnail","hentry","category-regionales"],"aioseo_notices":[],"gutentor_comment":0,"jetpack_featured_media_url":"https:\/\/eldiariodesanpedro.com.ar\/sitio\/wp-content\/uploads\/2018\/11\/0-2-1.jpg","jetpack_shortlink":"https:\/\/wp.me\/p6RhLt-bnM","jetpack_sharing_enabled":true,"_links":{"self":[{"href":"https:\/\/eldiariodesanpedro.com.ar\/sitio\/wp-json\/wp\/v2\/posts\/43758","targetHints":{"allow":["GET"]}}],"collection":[{"href":"https:\/\/eldiariodesanpedro.com.ar\/sitio\/wp-json\/wp\/v2\/posts"}],"about":[{"href":"https:\/\/eldiariodesanpedro.com.ar\/sitio\/wp-json\/wp\/v2\/types\/post"}],"author":[{"embeddable":true,"href":"https:\/\/eldiariodesanpedro.com.ar\/sitio\/wp-json\/wp\/v2\/users\/4"}],"replies":[{"embeddable":true,"href":"https:\/\/eldiariodesanpedro.com.ar\/sitio\/wp-json\/wp\/v2\/comments?post=43758"}],"version-history":[{"count":1,"href":"https:\/\/eldiariodesanpedro.com.ar\/sitio\/wp-json\/wp\/v2\/posts\/43758\/revisions"}],"predecessor-version":[{"id":43760,"href":"https:\/\/eldiariodesanpedro.com.ar\/sitio\/wp-json\/wp\/v2\/posts\/43758\/revisions\/43760"}],"wp:featuredmedia":[{"embeddable":true,"href":"https:\/\/eldiariodesanpedro.com.ar\/sitio\/wp-json\/wp\/v2\/media\/43759"}],"wp:attachment":[{"href":"https:\/\/eldiariodesanpedro.com.ar\/sitio\/wp-json\/wp\/v2\/media?parent=43758"}],"wp:term":[{"taxonomy":"category","embeddable":true,"href":"https:\/\/eldiariodesanpedro.com.ar\/sitio\/wp-json\/wp\/v2\/categories?post=43758"},{"taxonomy":"post_tag","embeddable":true,"href":"https:\/\/eldiariodesanpedro.com.ar\/sitio\/wp-json\/wp\/v2\/tags?post=43758"}],"curies":[{"name":"wp","href":"https:\/\/api.w.org\/{rel}","templated":true}]}}