{"id":43755,"date":"2018-11-17T12:17:14","date_gmt":"2018-11-17T15:17:14","guid":{"rendered":"https:\/\/eldiariodesanpedro.com.ar\/sitio\/?p=43755"},"modified":"2018-11-17T12:17:14","modified_gmt":"2018-11-17T15:17:14","slug":"san-nicolas-un-fin-de-ano-decisivo-para-la-supervivencia-de-muchos-comercios-del-microcentro","status":"publish","type":"post","link":"https:\/\/eldiariodesanpedro.com.ar\/sitio\/san-nicolas-un-fin-de-ano-decisivo-para-la-supervivencia-de-muchos-comercios-del-microcentro\/","title":{"rendered":"SAN NICOLAS: Un Fin de A\u00f1o decisivo para la supervivencia de muchos comercios del microcentro"},"content":{"rendered":"<p><!-- VideographyWP Plugin Message: Automatic video embedding prevented by plugin options. --><br \/>\n\u201cLa gente no tiene un peso\u201d. Esa es la frase m\u00e1s escuchada al momento de conocer de boca de los propios comerciantes c\u00f3mo marcha el movimiento de venta de indumentaria, el rubro m\u00e1s expandido en el microcentro de la ciudad. Si bien no existen registros estad\u00edsticos locales que permitan tener una noci\u00f3n fina de cu\u00e1nto han ca\u00eddo inter anualmente las ventas, las estimaciones van desde un 30 a un 50 por ciento. Aunque hay un dato m\u00e1s alarmante a\u00fan: de acuerdo a lo que le manifestaron algunos comerciantes a este medio, \u201cmuchos eval\u00faan no continuar si no se hace una buena diferencia con las ventas de fin de diciembre\u201d.<\/p>\n<p>De los argumentos que esgrimen surge una ecuaci\u00f3n muy negativa para los comerciantes: bajas ventas y aumento de costos. \u201cYa era muy pesado hacer frente al aumento de los productos por parte de los mayoristas, el incremento de las tarifas y de los salarios de los empleados. Ahora se suma el bono de fin de a\u00f1o. No s\u00e9 cu\u00e1ntos lo van a poder pagar\u201d, dijo el propietario de una conocida casa de venta de ropa para adolescentes.<\/p>\n<p>Los comerciantes de indumentaria no esconden su preocupaci\u00f3n por lo que significar\u00e1 stockearse para la nueva temporada de invierno, en enero pr\u00f3ximo. De hecho, estiman que los productos traer\u00e1n de f\u00e1brica un aumento \u201cmuy importante\u201d. Como enero y febrero son meses hist\u00f3ricamente muy dif\u00edciles para el comercio, renovar por completo la oferta supone un costo muy grande que en este contexto no todos los comercios pueden afrontar. \u201cLos que tenemos local propio podemos zafar, pero los que pagan alquiler est\u00e1n muy comprometidos\u201d.<\/p>\n<p>En off, los comerciantes reconocen que la obra de refuncionalizaci\u00f3n del microcentro no ha tenido impacto en el nivel de ventas. \u201cMuchos pens\u00e1bamos que se vend\u00eda poco por culpa de la obra. Ahora la calle est\u00e1 habilitada pero las ventas no repuntan\u201d, aseguran comerciantes de calle Mitre, antes de insistir con el argumento m\u00e1s escuchado. \u201cNo hay plata en la calle.<\/p>\n<p>FUENTE: DIARIO EL NORTE<\/p>\n","protected":false},"excerpt":{"rendered":"<p>\u201cLa gente no tiene un peso\u201d. Esa es la frase m\u00e1s escuchada al momento de conocer de boca de los propios comerciantes c\u00f3mo marcha el movimiento de venta de indumentaria, el rubro m\u00e1s expandido en el microcentro de la ciudad. Si bien no existen registros estad\u00edsticos locales que permitan tener una noci\u00f3n fina de cu\u00e1nto [&hellip;]<\/p>\n","protected":false},"author":4,"featured_media":43756,"comment_status":"open","ping_status":"closed","sticky":false,"template":"","format":"standard","meta":{"om_disable_all_campaigns":false,"_jetpack_memberships_contains_paid_content":false,"footnotes":""},"categories":[621],"tags":[],"class_list":["post-43755","post","type-post","status-publish","format-standard","has-post-thumbnail","hentry","category-regionales"],"aioseo_notices":[],"gutentor_comment":0,"jetpack_featured_media_url":"https:\/\/eldiariodesanpedro.com.ar\/sitio\/wp-content\/uploads\/2018\/11\/0-2.jpg","jetpack_shortlink":"https:\/\/wp.me\/p6RhLt-bnJ","jetpack_sharing_enabled":true,"_links":{"self":[{"href":"https:\/\/eldiariodesanpedro.com.ar\/sitio\/wp-json\/wp\/v2\/posts\/43755","targetHints":{"allow":["GET"]}}],"collection":[{"href":"https:\/\/eldiariodesanpedro.com.ar\/sitio\/wp-json\/wp\/v2\/posts"}],"about":[{"href":"https:\/\/eldiariodesanpedro.com.ar\/sitio\/wp-json\/wp\/v2\/types\/post"}],"author":[{"embeddable":true,"href":"https:\/\/eldiariodesanpedro.com.ar\/sitio\/wp-json\/wp\/v2\/users\/4"}],"replies":[{"embeddable":true,"href":"https:\/\/eldiariodesanpedro.com.ar\/sitio\/wp-json\/wp\/v2\/comments?post=43755"}],"version-history":[{"count":1,"href":"https:\/\/eldiariodesanpedro.com.ar\/sitio\/wp-json\/wp\/v2\/posts\/43755\/revisions"}],"predecessor-version":[{"id":43757,"href":"https:\/\/eldiariodesanpedro.com.ar\/sitio\/wp-json\/wp\/v2\/posts\/43755\/revisions\/43757"}],"wp:featuredmedia":[{"embeddable":true,"href":"https:\/\/eldiariodesanpedro.com.ar\/sitio\/wp-json\/wp\/v2\/media\/43756"}],"wp:attachment":[{"href":"https:\/\/eldiariodesanpedro.com.ar\/sitio\/wp-json\/wp\/v2\/media?parent=43755"}],"wp:term":[{"taxonomy":"category","embeddable":true,"href":"https:\/\/eldiariodesanpedro.com.ar\/sitio\/wp-json\/wp\/v2\/categories?post=43755"},{"taxonomy":"post_tag","embeddable":true,"href":"https:\/\/eldiariodesanpedro.com.ar\/sitio\/wp-json\/wp\/v2\/tags?post=43755"}],"curies":[{"name":"wp","href":"https:\/\/api.w.org\/{rel}","templated":true}]}}