{"id":43751,"date":"2018-11-17T12:07:54","date_gmt":"2018-11-17T15:07:54","guid":{"rendered":"https:\/\/eldiariodesanpedro.com.ar\/sitio\/?p=43751"},"modified":"2026-01-23T23:20:21","modified_gmt":"2026-01-24T02:20:21","slug":"tras-el-hallazgo-del-submarino-el-mensaje-de-los-familiares-de-los-44-tripulantes-del-ara-san-juan-que-se-convirtio-en-un-emocionante-viral","status":"publish","type":"post","link":"https:\/\/eldiariodesanpedro.com.ar\/sitio\/tras-el-hallazgo-del-submarino-el-mensaje-de-los-familiares-de-los-44-tripulantes-del-ara-san-juan-que-se-convirtio-en-un-emocionante-viral\/","title":{"rendered":"Tras el hallazgo del submarino : El mensaje de los familiares de los 44 tripulantes del ARA San Juan que se convirti\u00f3 en un emocionante viral"},"content":{"rendered":"<p><!-- VideographyWP Plugin Message: Automatic video embedding prevented by plugin options. --><br \/>\nTuitearon en el cuenta oficial que los nuclea una sentida frase, que no para de compartirse en las redes. Uno de ellos dijo que la mayor\u00eda cree que el Gobierno ocult\u00f3 datos y pide que refloten el nav\u00edo.<\/p>\n<p><img decoding=\"async\" data-attachment-id=\"43752\" data-permalink=\"https:\/\/eldiariodesanpedro.com.ar\/sitio\/tras-el-hallazgo-del-submarino-el-mensaje-de-los-familiares-de-los-44-tripulantes-del-ara-san-juan-que-se-convirtio-en-un-emocionante-viral\/szku5l0z1_1256x620__3\/\" data-orig-file=\"https:\/\/eldiariodesanpedro.com.ar\/sitio\/wp-content\/uploads\/2018\/11\/sZKU5l0Z1_1256x620__3.jpg\" data-orig-size=\"1256,618\" data-comments-opened=\"1\" data-image-meta=\"{&quot;aperture&quot;:&quot;2.8&quot;,&quot;credit&quot;:&quot;Fabian Gastiarena&quot;,&quot;camera&quot;:&quot;Canon PowerShot G16&quot;,&quot;caption&quot;:&quot;&quot;,&quot;created_timestamp&quot;:&quot;1542448091&quot;,&quot;copyright&quot;:&quot;&quot;,&quot;focal_length&quot;:&quot;30.5&quot;,&quot;iso&quot;:&quot;1250&quot;,&quot;shutter_speed&quot;:&quot;0.033333333333333&quot;,&quot;title&quot;:&quot;&quot;,&quot;orientation&quot;:&quot;1&quot;}\" data-image-title=\"sZKU5l0Z1_1256x620__3\" data-image-description=\"\" data-image-caption=\"\" data-large-file=\"https:\/\/eldiariodesanpedro.com.ar\/sitio\/wp-content\/uploads\/2018\/11\/sZKU5l0Z1_1256x620__3-1024x504.jpg\" class=\"alignnone size-large wp-image-43752 lazyload\" data-src=\"https:\/\/eldiariodesanpedro.com.ar\/sitio\/wp-content\/uploads\/2018\/11\/sZKU5l0Z1_1256x620__3-1024x504.jpg\" alt=\"\" width=\"660\" height=\"325\" data-srcset=\"https:\/\/eldiariodesanpedro.com.ar\/sitio\/wp-content\/uploads\/2018\/11\/sZKU5l0Z1_1256x620__3-1024x504.jpg 1024w, https:\/\/eldiariodesanpedro.com.ar\/sitio\/wp-content\/uploads\/2018\/11\/sZKU5l0Z1_1256x620__3-300x148.jpg 300w, https:\/\/eldiariodesanpedro.com.ar\/sitio\/wp-content\/uploads\/2018\/11\/sZKU5l0Z1_1256x620__3-768x378.jpg 768w, https:\/\/eldiariodesanpedro.com.ar\/sitio\/wp-content\/uploads\/2018\/11\/sZKU5l0Z1_1256x620__3.jpg 1256w\" data-sizes=\"(max-width: 660px) 100vw, 660px\" src=\"data:image\/svg+xml;base64,PHN2ZyB3aWR0aD0iMSIgaGVpZ2h0PSIxIiB4bWxucz0iaHR0cDovL3d3dy53My5vcmcvMjAwMC9zdmciPjwvc3ZnPg==\" style=\"--smush-placeholder-width: 660px; --smush-placeholder-aspect-ratio: 660\/325;\" \/><\/p>\n<p>Despu\u00e9s de un a\u00f1o y dos d\u00edas de dolor e incertidumbre, el submarino ARA San Juan fue encontrado a unos 500 kil\u00f3metros de Comodoro Rivadavia. La noticia de su hallazgo comenz\u00f3 su ascenso como trendig topic en Twitter apenas la confrm\u00f3 la Armada, a la 1.10 de la madrugada del viernes. Pero este s\u00e1bado, el hashtag #ARAsanjuan lleg\u00f3 a su pico con una emocionante frase tuiteada desde la cuenta oficial de los familiares de los 44 tripulantes.<\/p>\n<p>\u00abUn 15 nos los quito y un 15 los trajo de vuelta!! Tantos sentimientos tenemos en estos momentos, pedimos respeto y honor para ellos, un paso m\u00e1s cerca de volver a casa\u00bb. Ese mensaje, desde @Los44AraSJ, no deja de compartirse en las redes sociales.<\/p>\n<p>No importa que, oficialmente, en rigor, el hallazgo fue el 16 de noviembre. Lo que cautiva son los caracteres con los que los familiares expresaron su pesar y, un atisbo de \u00abalivio\u00bb -como dijeron por separado en diversas entrevistas-, 48 horas despu\u00e9s del aniversario m\u00e1s triste de sus vidas. El 15 de noviembre de 2017, el submarino ARA San Juan desaparec\u00eda hasta hoy.<\/p>\n<p>Exactamente 13 horas antes de ese tuit, la cuenta de Los 44 del Ara San Juan hab\u00eda tuiteado el \u00faltimo parte antes del hallazgo. \u00ab#ARASanjuan PARTE N\u00ba 154- B\u00daSQUEDA A.R.A SAN JUAN- viernes 16\/11\/2018 20HS #presenteslos44delarasanjuan\u00bb, detallaban, junto a la hoja de ruta del Seabed Constructor.<\/p>\n<p><img decoding=\"async\" data-attachment-id=\"43753\" data-permalink=\"https:\/\/eldiariodesanpedro.com.ar\/sitio\/tras-el-hallazgo-del-submarino-el-mensaje-de-los-familiares-de-los-44-tripulantes-del-ara-san-juan-que-se-convirtio-en-un-emocionante-viral\/dskfd5swsaaixtv\/\" data-orig-file=\"https:\/\/eldiariodesanpedro.com.ar\/sitio\/wp-content\/uploads\/2018\/11\/DsKfd5sWsAAIXTV.jpg\" data-orig-size=\"849,1200\" data-comments-opened=\"1\" data-image-meta=\"{&quot;aperture&quot;:&quot;0&quot;,&quot;credit&quot;:&quot;&quot;,&quot;camera&quot;:&quot;&quot;,&quot;caption&quot;:&quot;&quot;,&quot;created_timestamp&quot;:&quot;0&quot;,&quot;copyright&quot;:&quot;&quot;,&quot;focal_length&quot;:&quot;0&quot;,&quot;iso&quot;:&quot;0&quot;,&quot;shutter_speed&quot;:&quot;0&quot;,&quot;title&quot;:&quot;&quot;,&quot;orientation&quot;:&quot;0&quot;}\" data-image-title=\"DsKfd5sWsAAIXTV\" data-image-description=\"\" data-image-caption=\"\" data-large-file=\"https:\/\/eldiariodesanpedro.com.ar\/sitio\/wp-content\/uploads\/2018\/11\/DsKfd5sWsAAIXTV-724x1024.jpg\" class=\"alignnone size-large wp-image-43753 lazyload\" data-src=\"https:\/\/eldiariodesanpedro.com.ar\/sitio\/wp-content\/uploads\/2018\/11\/DsKfd5sWsAAIXTV-724x1024.jpg\" alt=\"\" width=\"660\" height=\"933\" data-srcset=\"https:\/\/eldiariodesanpedro.com.ar\/sitio\/wp-content\/uploads\/2018\/11\/DsKfd5sWsAAIXTV-724x1024.jpg 724w, https:\/\/eldiariodesanpedro.com.ar\/sitio\/wp-content\/uploads\/2018\/11\/DsKfd5sWsAAIXTV-212x300.jpg 212w, https:\/\/eldiariodesanpedro.com.ar\/sitio\/wp-content\/uploads\/2018\/11\/DsKfd5sWsAAIXTV-768x1086.jpg 768w, https:\/\/eldiariodesanpedro.com.ar\/sitio\/wp-content\/uploads\/2018\/11\/DsKfd5sWsAAIXTV.jpg 849w\" data-sizes=\"(max-width: 660px) 100vw, 660px\" src=\"data:image\/svg+xml;base64,PHN2ZyB3aWR0aD0iMSIgaGVpZ2h0PSIxIiB4bWxucz0iaHR0cDovL3d3dy53My5vcmcvMjAwMC9zdmciPjwvc3ZnPg==\" style=\"--smush-placeholder-width: 660px; --smush-placeholder-aspect-ratio: 660\/933;\" \/><\/p>\n<p>Los familiares de los 44 tripulantes pidieron que el submarino sea reflotado \u00abcon urgencia\u00bb y \u00absaber qu\u00e9 pas\u00f3\u00bb. Sin embargo, desde esa cuenta no apuntaron a la Armada. De hecho, retuitearon el mensaje con el que la marina argentina inform\u00f3 oficialmente que encontraron el Ara San Juan.<\/p>\n<p>En declaraciones a Clar\u00edn desde Mar del Plata, donde ten\u00eda base el submarino, Juan Aramayo, padre de uno de los marineros, dijo que la intenci\u00f3n de los familiares es que se saquen del oc\u00e9ano los restos del aparato \u00abpara ver qu\u00e9 es lo que hay dentro\u00bb.<\/p>\n<p>\u00abLos familiares queremos el reflote, saber la verdad, por qu\u00e9 pas\u00f3 lo que pas\u00f3\u00bb, remarc\u00f3 el hombre, en la puerta del hotel donde se congregan los seres queridos de los tripulantes. Muchos de ellos estaban ah\u00ed desde antes del hallazgo, justamente el primer aniversario de la desaparici\u00f3n. En ese acto, el jueves pasado, habl\u00f3 el presidente Mauricio Macri y marc\u00f3 su postura de buscar al Ara San Juan hasta que aparezca.<\/p>\n<p>Consultado por si creen que es casualidad que la empresa estadounidense encargada de la b\u00fasqueda, Ocean Infinity, haya encontrado el buque poco despu\u00e9s de esa dolorosa fecha, y cuando se estaba a punto de abandonar el operativo, Aramayo fue tajante: \u00abNo s\u00e9 si es casualidad o ya lo sab\u00edan. Nosotros tenemos la sensaci\u00f3n de que el Gobierno lo sab\u00eda y nos ven\u00edan ocultando\u00bb.<\/p>\n<p>\u00abQue encuentren a los culpables que iniciaron esta tremenda tragedia\u00bb, enfatiz\u00f3.<\/p>\n<p>Los familiares tienen previsto escuchar esta ma\u00f1ana el parte oficial de boca de autoridades de la Armada, a las 11, en el edificio Libertad. Las autoridades de la Armada argentina confirmaron el hallazgo del ARA San Juan a 800 metros de profundidad y a unos 500 kil\u00f3metros de la costa.<\/p>\n<p>Tambi\u00e9n esperan que les muestran las im\u00e1genes captadas por los robot de la empresa Ocean Infinity, cuyos profesionales estuvieron acompa\u00f1ados a bordo del barco de la expedici\u00f3n, y durante los dos meses que tardaron en dar con el lugar exacto, por varios familiares de los marineros.<\/p>\n<p>\u00abNosotros ten\u00edamos otra esperanza e ilusi\u00f3n, pero vamos a aceptar lo que venga\u00bb, destac\u00f3 el padre de Hugo, que record\u00f3 el malestar de los familiares con el Gobierno. Por el momento, se desconoce la situaci\u00f3n en la que se encuentran los restos del nav\u00edo y si ser\u00e1 posible rescatarlo.<\/p>\n<p>En el discurso, fuertemente criticado por los familiares, Macri hab\u00eda dicho que pr\u00f3ximamente se colocar\u00eda en el mar una bandera argentina. Algo que allegados a los tripulantes consideraron como una prueba de que el Gobierno ya ten\u00eda conocimiento de d\u00f3nde estaba el submarino.<\/p>\n<p>FUENTE: CLAR\u00cdN<\/p>\n","protected":false},"excerpt":{"rendered":"<p>Tuitearon en el cuenta oficial que los nuclea una sentida frase, que no para de compartirse en las redes. Uno de ellos dijo que la mayor\u00eda cree que el Gobierno ocult\u00f3 datos y pide que refloten el nav\u00edo. Despu\u00e9s de un a\u00f1o y dos d\u00edas de dolor e incertidumbre, el submarino ARA San Juan fue [&hellip;]<\/p>\n","protected":false},"author":4,"featured_media":43752,"comment_status":"open","ping_status":"closed","sticky":false,"template":"","format":"standard","meta":{"om_disable_all_campaigns":false,"_jetpack_memberships_contains_paid_content":false,"footnotes":""},"categories":[3],"tags":[],"class_list":["post-43751","post","type-post","status-publish","format-standard","has-post-thumbnail","hentry","category-nacionales"],"aioseo_notices":[],"gutentor_comment":0,"jetpack_featured_media_url":"https:\/\/eldiariodesanpedro.com.ar\/sitio\/wp-content\/uploads\/2018\/11\/sZKU5l0Z1_1256x620__3.jpg","jetpack_shortlink":"https:\/\/wp.me\/p6RhLt-bnF","jetpack_sharing_enabled":true,"_links":{"self":[{"href":"https:\/\/eldiariodesanpedro.com.ar\/sitio\/wp-json\/wp\/v2\/posts\/43751","targetHints":{"allow":["GET"]}}],"collection":[{"href":"https:\/\/eldiariodesanpedro.com.ar\/sitio\/wp-json\/wp\/v2\/posts"}],"about":[{"href":"https:\/\/eldiariodesanpedro.com.ar\/sitio\/wp-json\/wp\/v2\/types\/post"}],"author":[{"embeddable":true,"href":"https:\/\/eldiariodesanpedro.com.ar\/sitio\/wp-json\/wp\/v2\/users\/4"}],"replies":[{"embeddable":true,"href":"https:\/\/eldiariodesanpedro.com.ar\/sitio\/wp-json\/wp\/v2\/comments?post=43751"}],"version-history":[{"count":1,"href":"https:\/\/eldiariodesanpedro.com.ar\/sitio\/wp-json\/wp\/v2\/posts\/43751\/revisions"}],"predecessor-version":[{"id":43754,"href":"https:\/\/eldiariodesanpedro.com.ar\/sitio\/wp-json\/wp\/v2\/posts\/43751\/revisions\/43754"}],"wp:featuredmedia":[{"embeddable":true,"href":"https:\/\/eldiariodesanpedro.com.ar\/sitio\/wp-json\/wp\/v2\/media\/43752"}],"wp:attachment":[{"href":"https:\/\/eldiariodesanpedro.com.ar\/sitio\/wp-json\/wp\/v2\/media?parent=43751"}],"wp:term":[{"taxonomy":"category","embeddable":true,"href":"https:\/\/eldiariodesanpedro.com.ar\/sitio\/wp-json\/wp\/v2\/categories?post=43751"},{"taxonomy":"post_tag","embeddable":true,"href":"https:\/\/eldiariodesanpedro.com.ar\/sitio\/wp-json\/wp\/v2\/tags?post=43751"}],"curies":[{"name":"wp","href":"https:\/\/api.w.org\/{rel}","templated":true}]}}