{"id":43748,"date":"2018-11-17T11:58:42","date_gmt":"2018-11-17T14:58:42","guid":{"rendered":"https:\/\/eldiariodesanpedro.com.ar\/sitio\/?p=43748"},"modified":"2018-11-17T11:58:42","modified_gmt":"2018-11-17T14:58:42","slug":"baradero-el-pre-festival-atraviesa-su-recta-final-de-cara-a-la-final-nacional-en-baradero-2019","status":"publish","type":"post","link":"https:\/\/eldiariodesanpedro.com.ar\/sitio\/baradero-el-pre-festival-atraviesa-su-recta-final-de-cara-a-la-final-nacional-en-baradero-2019\/","title":{"rendered":"BARADERO: El Pre Festival atraviesa su recta final de cara a la Final Nacional en Baradero 2019."},"content":{"rendered":"<p><!-- VideographyWP Plugin Message: Automatic video embedding prevented by plugin options. --><br \/>\nYa est\u00e1n en su etapa final las distintas sedes del Pre Festival Baradero 2019 de cara a la prestigiosa Final Nacional a desarrollarse en nuestra ciudad los d\u00edas 8, 9 y 10 de febrero de 2019, con un enorme trabajo de coordinaci\u00f3n y fiscalizaci\u00f3n  del equipo de la Secretar\u00eda de Cultura, Turismo, Educaci\u00f3n y Deporte y la Direcci\u00f3n Cultura del municipio; y el notable talento de quienes conformaron y conforman las distintas etapas del certamen.<\/p>\n<p>Cabe destacar que los rubros a presentarse son: recitador, narrador, decidor, canci\u00f3n in\u00e9dita, solista instrumental, solista canto surero, d\u00fao vocal, conjunto instrumental, conjunto vocal folclore instrumental, pareja de zamba tradicional, solista vocal femenino de tango, pareja de tango estilizado, solista vocal masculino de folclore, conjunto vocal de folclore proyecci\u00f3n, malambo norte\u00f1o, malambo sure\u00f1o, solista vocal femenino de folclore, pareja de zamba estilizada, solista vocal masculino de tango y pareja de tango tradicional.<\/p>\n<p><img decoding=\"async\" data-attachment-id=\"43749\" data-permalink=\"https:\/\/eldiariodesanpedro.com.ar\/sitio\/baradero-el-pre-festival-atraviesa-su-recta-final-de-cara-a-la-final-nacional-en-baradero-2019\/pre6-640x480\/\" data-orig-file=\"https:\/\/eldiariodesanpedro.com.ar\/sitio\/wp-content\/uploads\/2018\/11\/pre6-640x480.jpg\" data-orig-size=\"640,334\" data-comments-opened=\"1\" data-image-meta=\"{&quot;aperture&quot;:&quot;0&quot;,&quot;credit&quot;:&quot;&quot;,&quot;camera&quot;:&quot;&quot;,&quot;caption&quot;:&quot;&quot;,&quot;created_timestamp&quot;:&quot;0&quot;,&quot;copyright&quot;:&quot;&quot;,&quot;focal_length&quot;:&quot;0&quot;,&quot;iso&quot;:&quot;0&quot;,&quot;shutter_speed&quot;:&quot;0&quot;,&quot;title&quot;:&quot;&quot;,&quot;orientation&quot;:&quot;0&quot;}\" data-image-title=\"pre6-640&amp;#215;480\" data-image-description=\"\" data-image-caption=\"\" data-large-file=\"https:\/\/eldiariodesanpedro.com.ar\/sitio\/wp-content\/uploads\/2018\/11\/pre6-640x480.jpg\" data-src=\"https:\/\/eldiariodesanpedro.com.ar\/sitio\/wp-content\/uploads\/2018\/11\/pre6-640x480.jpg\" alt=\"\" width=\"640\" height=\"334\" class=\"alignnone size-full wp-image-43749 lazyload\" data-srcset=\"https:\/\/eldiariodesanpedro.com.ar\/sitio\/wp-content\/uploads\/2018\/11\/pre6-640x480.jpg 640w, https:\/\/eldiariodesanpedro.com.ar\/sitio\/wp-content\/uploads\/2018\/11\/pre6-640x480-300x157.jpg 300w, https:\/\/eldiariodesanpedro.com.ar\/sitio\/wp-content\/uploads\/2018\/11\/pre6-640x480-390x205.jpg 390w\" data-sizes=\"(max-width: 640px) 100vw, 640px\" src=\"data:image\/svg+xml;base64,PHN2ZyB3aWR0aD0iMSIgaGVpZ2h0PSIxIiB4bWxucz0iaHR0cDovL3d3dy53My5vcmcvMjAwMC9zdmciPjwvc3ZnPg==\" style=\"--smush-placeholder-width: 640px; --smush-placeholder-aspect-ratio: 640\/334;\" \/><\/p>\n<p>FUENTE: BARADERO HOY<\/p>\n","protected":false},"excerpt":{"rendered":"<p>Ya est\u00e1n en su etapa final las distintas sedes del Pre Festival Baradero 2019 de cara a la prestigiosa Final Nacional a desarrollarse en nuestra ciudad los d\u00edas 8, 9 y 10 de febrero de 2019, con un enorme trabajo de coordinaci\u00f3n y fiscalizaci\u00f3n del equipo de la Secretar\u00eda de Cultura, Turismo, Educaci\u00f3n y Deporte [&hellip;]<\/p>\n","protected":false},"author":4,"featured_media":43749,"comment_status":"open","ping_status":"closed","sticky":false,"template":"","format":"standard","meta":{"om_disable_all_campaigns":false,"_jetpack_memberships_contains_paid_content":false,"footnotes":""},"categories":[621],"tags":[],"class_list":["post-43748","post","type-post","status-publish","format-standard","has-post-thumbnail","hentry","category-regionales"],"aioseo_notices":[],"gutentor_comment":0,"jetpack_featured_media_url":"https:\/\/eldiariodesanpedro.com.ar\/sitio\/wp-content\/uploads\/2018\/11\/pre6-640x480.jpg","jetpack_shortlink":"https:\/\/wp.me\/p6RhLt-bnC","jetpack_sharing_enabled":true,"_links":{"self":[{"href":"https:\/\/eldiariodesanpedro.com.ar\/sitio\/wp-json\/wp\/v2\/posts\/43748","targetHints":{"allow":["GET"]}}],"collection":[{"href":"https:\/\/eldiariodesanpedro.com.ar\/sitio\/wp-json\/wp\/v2\/posts"}],"about":[{"href":"https:\/\/eldiariodesanpedro.com.ar\/sitio\/wp-json\/wp\/v2\/types\/post"}],"author":[{"embeddable":true,"href":"https:\/\/eldiariodesanpedro.com.ar\/sitio\/wp-json\/wp\/v2\/users\/4"}],"replies":[{"embeddable":true,"href":"https:\/\/eldiariodesanpedro.com.ar\/sitio\/wp-json\/wp\/v2\/comments?post=43748"}],"version-history":[{"count":1,"href":"https:\/\/eldiariodesanpedro.com.ar\/sitio\/wp-json\/wp\/v2\/posts\/43748\/revisions"}],"predecessor-version":[{"id":43750,"href":"https:\/\/eldiariodesanpedro.com.ar\/sitio\/wp-json\/wp\/v2\/posts\/43748\/revisions\/43750"}],"wp:featuredmedia":[{"embeddable":true,"href":"https:\/\/eldiariodesanpedro.com.ar\/sitio\/wp-json\/wp\/v2\/media\/43749"}],"wp:attachment":[{"href":"https:\/\/eldiariodesanpedro.com.ar\/sitio\/wp-json\/wp\/v2\/media?parent=43748"}],"wp:term":[{"taxonomy":"category","embeddable":true,"href":"https:\/\/eldiariodesanpedro.com.ar\/sitio\/wp-json\/wp\/v2\/categories?post=43748"},{"taxonomy":"post_tag","embeddable":true,"href":"https:\/\/eldiariodesanpedro.com.ar\/sitio\/wp-json\/wp\/v2\/tags?post=43748"}],"curies":[{"name":"wp","href":"https:\/\/api.w.org\/{rel}","templated":true}]}}