{"id":43745,"date":"2018-11-17T11:53:49","date_gmt":"2018-11-17T14:53:49","guid":{"rendered":"https:\/\/eldiariodesanpedro.com.ar\/sitio\/?p=43745"},"modified":"2018-11-17T11:53:49","modified_gmt":"2018-11-17T14:53:49","slug":"campana-brindan-detalles-de-la-fiesta-del-automovil","status":"publish","type":"post","link":"https:\/\/eldiariodesanpedro.com.ar\/sitio\/campana-brindan-detalles-de-la-fiesta-del-automovil\/","title":{"rendered":"CAMPANA: Brindan detalles de la Fiesta del Autom\u00f3vil"},"content":{"rendered":"<p><!-- VideographyWP Plugin Message: Automatic video embedding prevented by plugin options. --><br \/>\nFuncionarios anticiparon qu\u00e9 atractivos podr\u00e1n disfrutar \u00ablos fierreros\u00bb y toda la familia durante este fin de semana.<\/p>\n<p><img decoding=\"async\" data-attachment-id=\"43746\" data-permalink=\"https:\/\/eldiariodesanpedro.com.ar\/sitio\/campana-brindan-detalles-de-la-fiesta-del-automovil\/attachment\/20181116043600\/\" data-orig-file=\"https:\/\/eldiariodesanpedro.com.ar\/sitio\/wp-content\/uploads\/2018\/11\/20181116043600.jpg\" data-orig-size=\"470,311\" data-comments-opened=\"1\" data-image-meta=\"{&quot;aperture&quot;:&quot;5.6&quot;,&quot;credit&quot;:&quot;&quot;,&quot;camera&quot;:&quot;NIKON D5200&quot;,&quot;caption&quot;:&quot;&quot;,&quot;created_timestamp&quot;:&quot;1542285194&quot;,&quot;copyright&quot;:&quot;&quot;,&quot;focal_length&quot;:&quot;18&quot;,&quot;iso&quot;:&quot;400&quot;,&quot;shutter_speed&quot;:&quot;0.016666666666667&quot;,&quot;title&quot;:&quot;&quot;,&quot;orientation&quot;:&quot;1&quot;}\" data-image-title=\"20181116043600\" data-image-description=\"\" data-image-caption=\"\" data-large-file=\"https:\/\/eldiariodesanpedro.com.ar\/sitio\/wp-content\/uploads\/2018\/11\/20181116043600.jpg\" data-src=\"https:\/\/eldiariodesanpedro.com.ar\/sitio\/wp-content\/uploads\/2018\/11\/20181116043600.jpg\" alt=\"\" width=\"470\" height=\"311\" class=\"alignnone size-full wp-image-43746 lazyload\" data-srcset=\"https:\/\/eldiariodesanpedro.com.ar\/sitio\/wp-content\/uploads\/2018\/11\/20181116043600.jpg 470w, https:\/\/eldiariodesanpedro.com.ar\/sitio\/wp-content\/uploads\/2018\/11\/20181116043600-300x199.jpg 300w\" data-sizes=\"(max-width: 470px) 100vw, 470px\" src=\"data:image\/svg+xml;base64,PHN2ZyB3aWR0aD0iMSIgaGVpZ2h0PSIxIiB4bWxucz0iaHR0cDovL3d3dy53My5vcmcvMjAwMC9zdmciPjwvc3ZnPg==\" style=\"--smush-placeholder-width: 470px; --smush-placeholder-aspect-ratio: 470\/311;\" \/><\/p>\n<p>El Municipio y el Club del Primer Autom\u00f3vil Argentino \u00abManuel Iglesias\u00bb preparan una nueva edici\u00f3n de la Fiesta del Autom\u00f3vil. Mientras se ultiman detalles de la organizaci\u00f3n, el intendente Sebasti\u00e1n Abella y el secretario de Comunicaci\u00f3n, Mart\u00edn Seguin, anticiparon qu\u00e9 atractivos podr\u00e1n disfrutar los vecinos durante el fin de semana.<\/p>\n<p>Abella \u2013en uso de licencia- agradeci\u00f3 la colaboraci\u00f3n ofrecida por la Asociaci\u00f3n Corredores Turismo Carretera (ACTC) que cedi\u00f3 el autom\u00f3vil de Guillermo Ortelli.<\/p>\n<p>Asimismo, extendi\u00f3 su agradecimiento hacia la Municipalidad de Olavarr\u00eda que \u00abautoriz\u00f3 la participaci\u00f3n del auto m\u00e1s ganador de la historia del TC que perteneci\u00f3 a Dante Emiliozzi\u00bb.<\/p>\n<p>\u00abQuiero realmente destacar la predisposici\u00f3n del Autom\u00f3vil Club Argentino (ACA) y la ACTC por compartirnos veh\u00edculos hist\u00f3ricos\u00bb, enfatiz\u00f3.<\/p>\n<p>Adem\u00e1s, anticip\u00f3 que habr\u00e1 una gran presencia de empresas de la zona. As\u00ed, por ejemplo, Toyota tendr\u00e1 el showcar del Top Race y tambi\u00e9n presentar\u00e1 su nueva camioneta. Asimismo, Axion estar\u00e1 con simuladores de manejo y la presencia del piloto campanense Mat\u00edas Milla.<\/p>\n<p>\u00abEstamos muy contentos no solo con la participaci\u00f3n de estos tipos de veh\u00edculos sino tambi\u00e9n con cada una de las propuestas que tenemos para los vecinos. Ser\u00e1 una fiesta donde habr\u00e1 muchas opciones para que el vecino se divierta y disfrute\u00bb, agreg\u00f3.<\/p>\n<p>Finalmente, coment\u00f3 que \u00abeste a\u00f1o se cont\u00f3 con la importante adhesi\u00f3n del Banco Provincia que nos facilit\u00f3 una campa\u00f1a en medios nacionales y redes sociales\u00bb. <\/p>\n<p>Seguin, en tanto, anticip\u00f3 que en la previa de la fiesta habr\u00e1 una prueba de autos. Ser\u00e1 el d\u00eda s\u00e1bado, desde las 16, en Avda. 6 de Julio desde Per\u00f3n hasta Yrigoyen.<\/p>\n<p>\u00abPor all\u00ed, circular\u00e1n autos de distintas categor\u00edas hist\u00f3ricas del automovilismo con la participaci\u00f3n tambi\u00e9n de destacados pilotos\u00bb, coment\u00f3.<\/p>\n<p>Al finalizar esto, la actividad se trasladar\u00e1 al Museo del Autom\u00f3vil donde desde las 20, Juan Carlos Iglesias \u2013nieto del creador del primer autom\u00f3vil argentino- presentar\u00e1 un libro de su autor\u00eda que refiere a la historia de Manuel Iglesias.<\/p>\n<p>Adem\u00e1s, previamente a partir de las 18, sonar\u00e1n en vivo las bandas de m\u00fasica Dilema, Paraex\u00f3tica, Cada loco con su tema, Javier Sosa y Su Amnesia en el escenario que estar\u00e1 ubicado en boulevard Dellepiane y Jacob.<\/p>\n<p>Durante el domingo, la fiesta tendr\u00e1 muchos atractivos. Estar\u00e1n abiertas las puertas del Museo del Autom\u00f3vil.<\/p>\n<p>Adem\u00e1s, se realizar\u00e1 la tradicional exhibici\u00f3n de autom\u00f3viles que ser\u00e1 desde la plaza Eduardo Costa hasta la plaza Espa\u00f1a sobre Dellepiane.<\/p>\n<p>En tanto que, en la intersecci\u00f3n de 9 de Julio y San Mart\u00edn, se montar\u00e1 una pista de karting callejero donde habr\u00e1 una competencia.<\/p>\n<p>Tambi\u00e9n se contar\u00e1 con la presencia de food trucks, artesanos y \u2013desde el s\u00e1bado hasta el lunes inclusive- se suma a esta fiesta, la popular feria \u00abSabores del mundo\u00bb.<\/p>\n<p>Habr\u00e1 un escenario ubicado en boulevard Dellepiane y Jacob (a la otra esquina del Museo) donde se exhibir\u00e1n n\u00fameros art\u00edsticos.<\/p>\n<p>Los shows principales ser\u00e1n, para lo m\u00e1s peque\u00f1os, \u00abEl universo de Lourdes\u00bb y, para toda la familia, el gran cierre con Ar\u00e1ndanos.<\/p>\n<p>\u00abEsta fiesta es cada vez m\u00e1s grande y realmente implica un trabajo de todas las \u00e1reas del Municipio. Ser\u00e1 una celebraci\u00f3n muy grande, con muchos atractivos y para un p\u00fablico muy diverso ya que podr\u00e1 disfrutarla no solo los fan\u00e1ticos del automovilismo como tambi\u00e9n toda la familia\u00bb, a\u00f1adi\u00f3 Segu\u00edn.<\/p>\n<p>El secretario, por \u00faltimo, coment\u00f3 que \u00abdurante todo el fin de semana \u2013inclusive el feriado- los vecinos de la Plaza Espa\u00f1a deber\u00e1n circular con el tr\u00e1nsito restringido debido a la organizaci\u00f3n de la Fiesta del Autom\u00f3vil y, el lunes, la realizaci\u00f3n de la final de la competencia &#8216;Campana Juega'\u00bb.<\/p>\n<p>CORTE DE TR\u00c1NSITO Y CAMBIOS EN EL RECORRIDO DE COLECTIVOS <\/p>\n<p>Desde el s\u00e1bado y hasta el lunes a las 24 el boulevard Dellepiane a la altura del Museo del Autom\u00f3vil estar\u00e1 cerrada por el gran despliegue que implica el evento.<\/p>\n<p>Los colectivos Chevallier que ingresan a la ciudad desde Z\u00e1rate y se dirigen hacia Capital ir\u00e1n por 9 de Julio; boulevard Sarmiento; Jean Jaures; San Mart\u00edn y de ah\u00ed contin\u00faa su ruta.<\/p>\n<p>Los de la misma l\u00ednea, que se trasladan hasta Z\u00e1rate, realizar\u00e1n el siguiente recorrido: Jean Jaures; San Mart\u00edn; Ameghino; Ruta 6 &#8211; su recorrido habitual.<\/p>\n<p>En tanto que, la L\u00ednea 60 (ex 204) que se dirige hacia Escobar se desviar\u00e1 en Boulevard Dellepiane y Jacob siguiendo por: Jacob \u2013 Sarmiento \u2013 su ruta.<\/p>\n<p>Mientas que, el que va a Z\u00e1rate, tomar\u00e1: Jean Jaures \u2013 San Mart\u00edn \u2013 Coleta \u2013 boulevard Dellepiane \u2013 su ruta.<\/p>\n<p>Las paradas de colectivo tambi\u00e9n sufrir\u00e1n modificaciones: la de la plaza Espa\u00f1a se trasladar\u00e1 a Jacob y Castilla: la de boulevard Dellepiane y San Mart\u00edn pasar\u00e1n a Jacob y San Mart\u00edn; y la de Sarmiento y Moreno ser\u00e1 en Jacob y Col\u00f3n.<\/p>\n<p>FUENTE: Campana Noticias<\/p>\n","protected":false},"excerpt":{"rendered":"<p>Funcionarios anticiparon qu\u00e9 atractivos podr\u00e1n disfrutar \u00ablos fierreros\u00bb y toda la familia durante este fin de semana. El Municipio y el Club del Primer Autom\u00f3vil Argentino \u00abManuel Iglesias\u00bb preparan una nueva edici\u00f3n de la Fiesta del Autom\u00f3vil. Mientras se ultiman detalles de la organizaci\u00f3n, el intendente Sebasti\u00e1n Abella y el secretario de Comunicaci\u00f3n, Mart\u00edn Seguin, [&hellip;]<\/p>\n","protected":false},"author":4,"featured_media":43746,"comment_status":"open","ping_status":"closed","sticky":false,"template":"","format":"standard","meta":{"om_disable_all_campaigns":false,"_jetpack_memberships_contains_paid_content":false,"footnotes":""},"categories":[621],"tags":[],"class_list":["post-43745","post","type-post","status-publish","format-standard","has-post-thumbnail","hentry","category-regionales"],"aioseo_notices":[],"gutentor_comment":0,"jetpack_featured_media_url":"https:\/\/eldiariodesanpedro.com.ar\/sitio\/wp-content\/uploads\/2018\/11\/20181116043600.jpg","jetpack_shortlink":"https:\/\/wp.me\/p6RhLt-bnz","jetpack_sharing_enabled":true,"_links":{"self":[{"href":"https:\/\/eldiariodesanpedro.com.ar\/sitio\/wp-json\/wp\/v2\/posts\/43745","targetHints":{"allow":["GET"]}}],"collection":[{"href":"https:\/\/eldiariodesanpedro.com.ar\/sitio\/wp-json\/wp\/v2\/posts"}],"about":[{"href":"https:\/\/eldiariodesanpedro.com.ar\/sitio\/wp-json\/wp\/v2\/types\/post"}],"author":[{"embeddable":true,"href":"https:\/\/eldiariodesanpedro.com.ar\/sitio\/wp-json\/wp\/v2\/users\/4"}],"replies":[{"embeddable":true,"href":"https:\/\/eldiariodesanpedro.com.ar\/sitio\/wp-json\/wp\/v2\/comments?post=43745"}],"version-history":[{"count":1,"href":"https:\/\/eldiariodesanpedro.com.ar\/sitio\/wp-json\/wp\/v2\/posts\/43745\/revisions"}],"predecessor-version":[{"id":43747,"href":"https:\/\/eldiariodesanpedro.com.ar\/sitio\/wp-json\/wp\/v2\/posts\/43745\/revisions\/43747"}],"wp:featuredmedia":[{"embeddable":true,"href":"https:\/\/eldiariodesanpedro.com.ar\/sitio\/wp-json\/wp\/v2\/media\/43746"}],"wp:attachment":[{"href":"https:\/\/eldiariodesanpedro.com.ar\/sitio\/wp-json\/wp\/v2\/media?parent=43745"}],"wp:term":[{"taxonomy":"category","embeddable":true,"href":"https:\/\/eldiariodesanpedro.com.ar\/sitio\/wp-json\/wp\/v2\/categories?post=43745"},{"taxonomy":"post_tag","embeddable":true,"href":"https:\/\/eldiariodesanpedro.com.ar\/sitio\/wp-json\/wp\/v2\/tags?post=43745"}],"curies":[{"name":"wp","href":"https:\/\/api.w.org\/{rel}","templated":true}]}}