{"id":43741,"date":"2018-11-17T11:48:31","date_gmt":"2018-11-17T14:48:31","guid":{"rendered":"https:\/\/eldiariodesanpedro.com.ar\/sitio\/?p=43741"},"modified":"2026-01-23T23:20:21","modified_gmt":"2026-01-24T02:20:21","slug":"la-armada-confirmo-que-encontraron-el-ara-san-juan","status":"publish","type":"post","link":"https:\/\/eldiariodesanpedro.com.ar\/sitio\/la-armada-confirmo-que-encontraron-el-ara-san-juan\/","title":{"rendered":"La Armada confirm\u00f3 que encontraron el ARA San Juan"},"content":{"rendered":"<p><!-- VideographyWP Plugin Message: Automatic video embedding prevented by plugin options. --><br \/>\nLa Armada Argentina confirm\u00f3 que los objetos encontrados a 800 metros de profundidad corresponden al ARA San Juan. As\u00ed se lo aseguraron a los medios de comunicacion las m\u00e1ximas autoridades de la fuerza.<\/p>\n<p>El submarino que desapareci\u00f3 con sus 44 tripulantes el 15 de noviembre de 2017 fue hallado a las 0.30 del s\u00e1bado.<\/p>\n<p>\u201cEl Ministerio de Defensa y la Armada Argentina informan que en el d\u00eda de la fecha habi\u00e9ndose investigado el (Punto Dato) POI 24 informado por la empresa Ocean Infinity, mediante la observaci\u00f3n realizada con un ROV (veh\u00edculo de observaci\u00f3n remota) a 800 mts de profundidad, se ha dado identificaci\u00f3n positiva al submarino ARA San Juan\u201d, se\u00f1al\u00f3 un breve comunicado.<\/p>\n<p>Antes de confirmar la noticia, las autoridades de la Armada se comunicaron con los familiares de los tripulantes.<\/p>\n<p>El viernes por la noche, el buque Seabed Constructor, a cargo de la b\u00fasqueda del submarino ARA San Juan, lleg\u00f3 al denominado \u201cSitio 1\u201d. All\u00ed hab\u00eda sido detectado un objeto de \u201c60 metros de longitud\u201c, a partir de un nuevo an\u00e1lisis de im\u00e1genes recopiladas durante los primeros d\u00edas de la b\u00fasqueda.<\/p>\n<p>El buque, enviado nuevamente a la b\u00fasqueda por la empresa Ocean Infinity, arrib\u00f3 a la zona a las 22:23 del viernes. Dos horas despu\u00e9s, confirm\u00f3 que se trataba del submarino desaparecido.<\/p>\n<p>El Seabed Constructor naveg\u00f3 \u201ccon mejores condiciones meteorol\u00f3gicas\u201d, indic\u00f3 el parte de la Armada, por lo que no tuvo inconvenientes para los operativos que finalizaron con el hallazgo del submarino desaparecido.<\/p>\n<p>La confirmaci\u00f3n lleg\u00f3 luego de que uno de los minisubmarinos se sumergiera 800 metros dentro del \u00e1rea \u201c15A-4\u201d.<\/p>\n<p>La empresa Ocean Infinity hab\u00eda considerado que se trataba de un \u201ccontacto tipo C\u201d, es decir, de similitud con un submarino por sus dimensiones. Exactamente, \u201c60 metros de longitud\u201d, confirm\u00f3 un parte oficial difundido horas atr\u00e1s por la Armada Argentina.<\/p>\n<p>A ra\u00edz de esto se tom\u00f3 la decisi\u00f3n de regresar a la zona el jueves, justo el \u00faltimo d\u00eda en el cu\u00e1l el Seabed Constructor ten\u00eda previsto hacer la b\u00fasqueda antes de suspender sus procedimientos hasta febrero por cuestiones de mantenimiento.<\/p>\n<p>FUENTE: Infobae<\/p>\n","protected":false},"excerpt":{"rendered":"<p>La Armada Argentina confirm\u00f3 que los objetos encontrados a 800 metros de profundidad corresponden al ARA San Juan. As\u00ed se lo aseguraron a los medios de comunicacion las m\u00e1ximas autoridades de la fuerza. El submarino que desapareci\u00f3 con sus 44 tripulantes el 15 de noviembre de 2017 fue hallado a las 0.30 del s\u00e1bado. \u201cEl [&hellip;]<\/p>\n","protected":false},"author":4,"featured_media":43743,"comment_status":"open","ping_status":"closed","sticky":false,"template":"","format":"standard","meta":{"om_disable_all_campaigns":false,"_jetpack_memberships_contains_paid_content":false,"footnotes":""},"categories":[3],"tags":[],"class_list":["post-43741","post","type-post","status-publish","format-standard","has-post-thumbnail","hentry","category-nacionales"],"aioseo_notices":[],"gutentor_comment":0,"jetpack_featured_media_url":"https:\/\/eldiariodesanpedro.com.ar\/sitio\/wp-content\/uploads\/2018\/11\/gbgs_FwOm_1200x0__1.jpg","jetpack_shortlink":"https:\/\/wp.me\/p6RhLt-bnv","jetpack_sharing_enabled":true,"_links":{"self":[{"href":"https:\/\/eldiariodesanpedro.com.ar\/sitio\/wp-json\/wp\/v2\/posts\/43741","targetHints":{"allow":["GET"]}}],"collection":[{"href":"https:\/\/eldiariodesanpedro.com.ar\/sitio\/wp-json\/wp\/v2\/posts"}],"about":[{"href":"https:\/\/eldiariodesanpedro.com.ar\/sitio\/wp-json\/wp\/v2\/types\/post"}],"author":[{"embeddable":true,"href":"https:\/\/eldiariodesanpedro.com.ar\/sitio\/wp-json\/wp\/v2\/users\/4"}],"replies":[{"embeddable":true,"href":"https:\/\/eldiariodesanpedro.com.ar\/sitio\/wp-json\/wp\/v2\/comments?post=43741"}],"version-history":[{"count":1,"href":"https:\/\/eldiariodesanpedro.com.ar\/sitio\/wp-json\/wp\/v2\/posts\/43741\/revisions"}],"predecessor-version":[{"id":43744,"href":"https:\/\/eldiariodesanpedro.com.ar\/sitio\/wp-json\/wp\/v2\/posts\/43741\/revisions\/43744"}],"wp:featuredmedia":[{"embeddable":true,"href":"https:\/\/eldiariodesanpedro.com.ar\/sitio\/wp-json\/wp\/v2\/media\/43743"}],"wp:attachment":[{"href":"https:\/\/eldiariodesanpedro.com.ar\/sitio\/wp-json\/wp\/v2\/media?parent=43741"}],"wp:term":[{"taxonomy":"category","embeddable":true,"href":"https:\/\/eldiariodesanpedro.com.ar\/sitio\/wp-json\/wp\/v2\/categories?post=43741"},{"taxonomy":"post_tag","embeddable":true,"href":"https:\/\/eldiariodesanpedro.com.ar\/sitio\/wp-json\/wp\/v2\/tags?post=43741"}],"curies":[{"name":"wp","href":"https:\/\/api.w.org\/{rel}","templated":true}]}}