{"id":43723,"date":"2018-11-16T20:47:01","date_gmt":"2018-11-16T23:47:01","guid":{"rendered":"https:\/\/eldiariodesanpedro.com.ar\/sitio\/?p=43723"},"modified":"2026-01-24T00:09:02","modified_gmt":"2026-01-24T03:09:02","slug":"futbol-infantil-hoy-las-semifinales-en-las-canchas-de-parana-y-sportivo-america","status":"publish","type":"post","link":"https:\/\/eldiariodesanpedro.com.ar\/sitio\/futbol-infantil-hoy-las-semifinales-en-las-canchas-de-parana-y-sportivo-america\/","title":{"rendered":"F\u00daTBOL INFANTIL: Hoy las semifinales en las canchas de Paran\u00e1 y Sportivo Am\u00e9rica"},"content":{"rendered":"<p><!-- VideographyWP Plugin Message: Automatic video embedding prevented by plugin options. --><br \/>\nEl pr\u00f3ximo s\u00e1bado se jugar\u00e1n las semifinales del Torneo Clausura que organiza la Liga Deportiva Infantil de nuestra ciudad.<\/p>\n<p>Las sedes elegidas este a\u00f1o son Am\u00e9rica y Paran\u00e1, y los partidos comenzar\u00e1n a partir de las 13:00 horas en la cancha del \u201csabalero\u201d, y desde las 18:00 horas en Paran\u00e1. Habr\u00e1 algunos partidos amistosos en ambas canchas.<\/p>\n<p><strong>Cancha Am\u00e9rica<\/strong><br \/>\n13:00hs 2009 General San Mart\u00edn vs  Mitre<br \/>\n13:50hs 2006 General San Mart\u00edn vs El Tanque<br \/>\n15:30hs 2008 El Porvenir vs Villa Igoillo<br \/>\n17:10hs 2007 El Porvenir vs Sportivo<\/p>\n<p><strong>Cancha Paran\u00e1<\/strong><br \/>\n18:50hs 2009 Paran\u00e1 vs Independencia<br \/>\n20:30hs 2008 Agricultores vs Mitre<br \/>\n21:20hs 2007 Agricultores vs Mitre<br \/>\n22:10hs 2006 Paran\u00e1 vs Defensores Unidos<\/p>\n<p><strong>Pendientes<\/strong><br \/>\nEn cancha de Mitre el local gan\u00f3 en los tres partidos pendientes y se meti\u00f3 en semis.<br \/>\n2009- Mitre 2- Villa Igoillo 1<br \/>\n2007- Mitre 3- Castro FC   0<br \/>\n2008- Mitre 4-Sportivo  1<\/p>\n","protected":false},"excerpt":{"rendered":"<p>El pr\u00f3ximo s\u00e1bado se jugar\u00e1n las semifinales del Torneo Clausura que organiza la Liga Deportiva Infantil de nuestra ciudad. Las sedes elegidas este a\u00f1o son Am\u00e9rica y Paran\u00e1, y los partidos comenzar\u00e1n a partir de las 13:00 horas en la cancha del \u201csabalero\u201d, y desde las 18:00 horas en Paran\u00e1. Habr\u00e1 algunos partidos amistosos en [&hellip;]<\/p>\n","protected":false},"author":4,"featured_media":39146,"comment_status":"open","ping_status":"closed","sticky":false,"template":"","format":"standard","meta":{"om_disable_all_campaigns":false,"_jetpack_memberships_contains_paid_content":false,"footnotes":""},"categories":[5],"tags":[],"class_list":["post-43723","post","type-post","status-publish","format-standard","has-post-thumbnail","hentry","category-deportes"],"aioseo_notices":[],"gutentor_comment":0,"jetpack_featured_media_url":"https:\/\/eldiariodesanpedro.com.ar\/sitio\/wp-content\/uploads\/2018\/08\/futbol-infantil-08-2018.jpg","jetpack_shortlink":"https:\/\/wp.me\/p6RhLt-bnd","jetpack_sharing_enabled":true,"_links":{"self":[{"href":"https:\/\/eldiariodesanpedro.com.ar\/sitio\/wp-json\/wp\/v2\/posts\/43723","targetHints":{"allow":["GET"]}}],"collection":[{"href":"https:\/\/eldiariodesanpedro.com.ar\/sitio\/wp-json\/wp\/v2\/posts"}],"about":[{"href":"https:\/\/eldiariodesanpedro.com.ar\/sitio\/wp-json\/wp\/v2\/types\/post"}],"author":[{"embeddable":true,"href":"https:\/\/eldiariodesanpedro.com.ar\/sitio\/wp-json\/wp\/v2\/users\/4"}],"replies":[{"embeddable":true,"href":"https:\/\/eldiariodesanpedro.com.ar\/sitio\/wp-json\/wp\/v2\/comments?post=43723"}],"version-history":[{"count":2,"href":"https:\/\/eldiariodesanpedro.com.ar\/sitio\/wp-json\/wp\/v2\/posts\/43723\/revisions"}],"predecessor-version":[{"id":43730,"href":"https:\/\/eldiariodesanpedro.com.ar\/sitio\/wp-json\/wp\/v2\/posts\/43723\/revisions\/43730"}],"wp:featuredmedia":[{"embeddable":true,"href":"https:\/\/eldiariodesanpedro.com.ar\/sitio\/wp-json\/wp\/v2\/media\/39146"}],"wp:attachment":[{"href":"https:\/\/eldiariodesanpedro.com.ar\/sitio\/wp-json\/wp\/v2\/media?parent=43723"}],"wp:term":[{"taxonomy":"category","embeddable":true,"href":"https:\/\/eldiariodesanpedro.com.ar\/sitio\/wp-json\/wp\/v2\/categories?post=43723"},{"taxonomy":"post_tag","embeddable":true,"href":"https:\/\/eldiariodesanpedro.com.ar\/sitio\/wp-json\/wp\/v2\/tags?post=43723"}],"curies":[{"name":"wp","href":"https:\/\/api.w.org\/{rel}","templated":true}]}}