{"id":43715,"date":"2018-11-16T20:40:04","date_gmt":"2018-11-16T23:40:04","guid":{"rendered":"https:\/\/eldiariodesanpedro.com.ar\/sitio\/?p=43715"},"modified":"2026-01-24T00:09:03","modified_gmt":"2026-01-24T03:09:03","slug":"basquet-local-sabado-con-basquet-de-primera-en-en-el-gimnasio-hector-grau","status":"publish","type":"post","link":"https:\/\/eldiariodesanpedro.com.ar\/sitio\/basquet-local-sabado-con-basquet-de-primera-en-en-el-gimnasio-hector-grau\/","title":{"rendered":"B\u00c1SQUET LOCAL: S\u00e1bado con b\u00e1squet de \u2018Primera\u2019 en en el gimnasio H\u00e9ctor Grau"},"content":{"rendered":"<p><!-- VideographyWP Plugin Message: Automatic video embedding prevented by plugin options. --><br \/>\nLa 1ra fecha por fixture (se jug\u00f3 la 3ra) se jugar\u00e1 esta tarde en Pescadores  y el lunes 19 en Baradero la 2da fecha. Es por el torneo de primera divisi\u00f3n que organiza Pescadores denominado \u201cMiguel Domenge\u201d.<br \/>\nSe jugar\u00e1 en el gimnasio H\u00e9ctor Grau del club \u00abribere\u00f1o\u00bb con dos partidos, quedando uno pendiente.<br \/>\nSon los siguientes:<\/p>\n<p>17:00 hs: Paran\u00e1 F. C. vs. Sportivo Baradero \u201cB\u201d.<br \/>\n18:30 hs. Pescadores vs. Cef 39 de Baradero.<br \/>\n(Pendiente: MItre vs. Sportivo \u201cA\u201d. El \u00abrojo\u00bb juega por la Asoc. Nicole\u00f1a)<\/p>\n<p><strong>Lunes 19 de noviembre<\/strong><br \/>\nGimnasio Club Sportivo Baradero<br \/>\n16:00 hs. Cef 39 vs. Paran\u00e1.<br \/>\n17:30 hs. Sportivo \u201cA\u201d vs. Pescadores<br \/>\n19,:00 hs. Sportivo \u201cB\u201d vs. Mitre<br \/>\nEn la fecha inaugural Pescadores cay\u00f3 por la m\u00ednima diferencia ante Paran\u00e1 y Mitre super\u00f3 a Cef. En el partido pendiente: Sportivo A 45- Sportivo B 59.<\/p>\n","protected":false},"excerpt":{"rendered":"<p>La 1ra fecha por fixture (se jug\u00f3 la 3ra) se jugar\u00e1 esta tarde en Pescadores y el lunes 19 en Baradero la 2da fecha. Es por el torneo de primera divisi\u00f3n que organiza Pescadores denominado \u201cMiguel Domenge\u201d. Se jugar\u00e1 en el gimnasio H\u00e9ctor Grau del club \u00abribere\u00f1o\u00bb con dos partidos, quedando uno pendiente. Son los [&hellip;]<\/p>\n","protected":false},"author":4,"featured_media":35976,"comment_status":"open","ping_status":"closed","sticky":false,"template":"","format":"standard","meta":{"om_disable_all_campaigns":false,"_jetpack_memberships_contains_paid_content":false,"footnotes":""},"categories":[5],"tags":[],"class_list":["post-43715","post","type-post","status-publish","format-standard","has-post-thumbnail","hentry","category-deportes"],"aioseo_notices":[],"gutentor_comment":0,"jetpack_featured_media_url":"https:\/\/eldiariodesanpedro.com.ar\/sitio\/wp-content\/uploads\/2018\/07\/basquet-2.jpg","jetpack_shortlink":"https:\/\/wp.me\/p6RhLt-bn5","jetpack_sharing_enabled":true,"_links":{"self":[{"href":"https:\/\/eldiariodesanpedro.com.ar\/sitio\/wp-json\/wp\/v2\/posts\/43715","targetHints":{"allow":["GET"]}}],"collection":[{"href":"https:\/\/eldiariodesanpedro.com.ar\/sitio\/wp-json\/wp\/v2\/posts"}],"about":[{"href":"https:\/\/eldiariodesanpedro.com.ar\/sitio\/wp-json\/wp\/v2\/types\/post"}],"author":[{"embeddable":true,"href":"https:\/\/eldiariodesanpedro.com.ar\/sitio\/wp-json\/wp\/v2\/users\/4"}],"replies":[{"embeddable":true,"href":"https:\/\/eldiariodesanpedro.com.ar\/sitio\/wp-json\/wp\/v2\/comments?post=43715"}],"version-history":[{"count":1,"href":"https:\/\/eldiariodesanpedro.com.ar\/sitio\/wp-json\/wp\/v2\/posts\/43715\/revisions"}],"predecessor-version":[{"id":43719,"href":"https:\/\/eldiariodesanpedro.com.ar\/sitio\/wp-json\/wp\/v2\/posts\/43715\/revisions\/43719"}],"wp:featuredmedia":[{"embeddable":true,"href":"https:\/\/eldiariodesanpedro.com.ar\/sitio\/wp-json\/wp\/v2\/media\/35976"}],"wp:attachment":[{"href":"https:\/\/eldiariodesanpedro.com.ar\/sitio\/wp-json\/wp\/v2\/media?parent=43715"}],"wp:term":[{"taxonomy":"category","embeddable":true,"href":"https:\/\/eldiariodesanpedro.com.ar\/sitio\/wp-json\/wp\/v2\/categories?post=43715"},{"taxonomy":"post_tag","embeddable":true,"href":"https:\/\/eldiariodesanpedro.com.ar\/sitio\/wp-json\/wp\/v2\/tags?post=43715"}],"curies":[{"name":"wp","href":"https:\/\/api.w.org\/{rel}","templated":true}]}}