{"id":43714,"date":"2018-11-16T20:39:58","date_gmt":"2018-11-16T23:39:58","guid":{"rendered":"https:\/\/eldiariodesanpedro.com.ar\/sitio\/?p=43714"},"modified":"2026-01-24T00:09:03","modified_gmt":"2026-01-24T03:09:03","slug":"natacion-el-domingo-la-maraton-vuelta-de-obligado-san-pedro","status":"publish","type":"post","link":"https:\/\/eldiariodesanpedro.com.ar\/sitio\/natacion-el-domingo-la-maraton-vuelta-de-obligado-san-pedro\/","title":{"rendered":"NATACI\u00d3N: EL domingo, la marat\u00f3n \u201cVuelta de Obligado-San Pedro\u201d"},"content":{"rendered":"<p><!-- VideographyWP Plugin Message: Automatic video embedding prevented by plugin options. --><br \/>\nEste domingo se corre una nueva edici\u00f3n de la marat\u00f3n acu\u00e1tica \u201cVuelta de Obligado-San Pedro\u201d que organiza la subcomisi\u00f3n de nataci\u00f3n del Club Pescadores San Pedro.<br \/>\nSer\u00e1 la 7ma luego de varios a\u00f1os del \u201cCruce de la Laguna\u201d en una dura prueba de 20k que a\u00f1o a a\u00f1o sigue incorporando nuevos nadadores que desaf\u00edan el R\u00edo Paran\u00e1. En horas del mediod\u00eda estar\u00e1n llegando los primeros nadadores.<br \/>\nEn el historial de la prueba David Baca Paunero y Lucas Bulaccio se impusieron en dos pruebas, consecutivas, en los a\u00f1os 2012 y 2013 para el primero y 2015-2016 el segundo. Entre las mujeres Milena Franzoia (CNSP) tambi\u00e9n en dos ocasiones, fue en 2013 y 2014.<br \/>\nUna edici\u00f3n fue ganada por un representante del club, se trata de Francisco Porta (2014), aunque tambi\u00e9n se destac\u00f3 Carolina Falco qui\u00e9n gan\u00f3 entre las damas en 2015 y fue segunda en 2016.<br \/>\nEntre los cinco primeros se ubicaron Fernando Bennazar (5\u00b0 en 2012), Francisco Porta (2\u00b0) y Valent\u00edn Rolfo (3\u00b0) ambos en 2013; Valent\u00edn fue 4\u00b0 en 2014 y 5\u00b0 en 2015. Maximiliano Rosell\u00f3 se ubic\u00f3 3\u00b0 en 2016 y 4\u00b0 en 2017; Lucas Est\u00e9vez 5\u00b0 en 2016.<br \/>\nLos ganadores de la general fueron: David Baca Paunero (2012-2013); Francisco Porta (2014); Lucas Bulacio (2015-2016) y Eduardo Taddei (2017).<br \/>\nEntre las damas las ganadoras del historial de la prueba son: \u00c1ngeles de Sim\u00f3n (2012); Milena Franzoia (2013-2014); Carolina Falco (2015); Mar\u00eda Jos\u00e9 S\u00e1nchez (2016) y la reconocida nadadora Noelia Petti (2017).<\/p>\n","protected":false},"excerpt":{"rendered":"<p>Este domingo se corre una nueva edici\u00f3n de la marat\u00f3n acu\u00e1tica \u201cVuelta de Obligado-San Pedro\u201d que organiza la subcomisi\u00f3n de nataci\u00f3n del Club Pescadores San Pedro. Ser\u00e1 la 7ma luego de varios a\u00f1os del \u201cCruce de la Laguna\u201d en una dura prueba de 20k que a\u00f1o a a\u00f1o sigue incorporando nuevos nadadores que desaf\u00edan el [&hellip;]<\/p>\n","protected":false},"author":4,"featured_media":10828,"comment_status":"open","ping_status":"closed","sticky":false,"template":"","format":"standard","meta":{"om_disable_all_campaigns":false,"_jetpack_memberships_contains_paid_content":false,"footnotes":""},"categories":[5],"tags":[],"class_list":["post-43714","post","type-post","status-publish","format-standard","has-post-thumbnail","hentry","category-deportes"],"aioseo_notices":[],"gutentor_comment":0,"jetpack_featured_media_url":"https:\/\/eldiariodesanpedro.com.ar\/sitio\/wp-content\/uploads\/2016\/11\/aguas-abiertas-2.jpg","jetpack_shortlink":"https:\/\/wp.me\/p6RhLt-bn4","jetpack_sharing_enabled":true,"_links":{"self":[{"href":"https:\/\/eldiariodesanpedro.com.ar\/sitio\/wp-json\/wp\/v2\/posts\/43714","targetHints":{"allow":["GET"]}}],"collection":[{"href":"https:\/\/eldiariodesanpedro.com.ar\/sitio\/wp-json\/wp\/v2\/posts"}],"about":[{"href":"https:\/\/eldiariodesanpedro.com.ar\/sitio\/wp-json\/wp\/v2\/types\/post"}],"author":[{"embeddable":true,"href":"https:\/\/eldiariodesanpedro.com.ar\/sitio\/wp-json\/wp\/v2\/users\/4"}],"replies":[{"embeddable":true,"href":"https:\/\/eldiariodesanpedro.com.ar\/sitio\/wp-json\/wp\/v2\/comments?post=43714"}],"version-history":[{"count":2,"href":"https:\/\/eldiariodesanpedro.com.ar\/sitio\/wp-json\/wp\/v2\/posts\/43714\/revisions"}],"predecessor-version":[{"id":43721,"href":"https:\/\/eldiariodesanpedro.com.ar\/sitio\/wp-json\/wp\/v2\/posts\/43714\/revisions\/43721"}],"wp:featuredmedia":[{"embeddable":true,"href":"https:\/\/eldiariodesanpedro.com.ar\/sitio\/wp-json\/wp\/v2\/media\/10828"}],"wp:attachment":[{"href":"https:\/\/eldiariodesanpedro.com.ar\/sitio\/wp-json\/wp\/v2\/media?parent=43714"}],"wp:term":[{"taxonomy":"category","embeddable":true,"href":"https:\/\/eldiariodesanpedro.com.ar\/sitio\/wp-json\/wp\/v2\/categories?post=43714"},{"taxonomy":"post_tag","embeddable":true,"href":"https:\/\/eldiariodesanpedro.com.ar\/sitio\/wp-json\/wp\/v2\/tags?post=43714"}],"curies":[{"name":"wp","href":"https:\/\/api.w.org\/{rel}","templated":true}]}}