{"id":43711,"date":"2018-11-16T20:38:29","date_gmt":"2018-11-16T23:38:29","guid":{"rendered":"https:\/\/eldiariodesanpedro.com.ar\/sitio\/?p=43711"},"modified":"2018-11-16T20:38:29","modified_gmt":"2018-11-16T23:38:29","slug":"colon-lo-denunciaron-por-abusar-de-una-nena-de-2-anos-mato-a-la-familia-y-se-suicido","status":"publish","type":"post","link":"https:\/\/eldiariodesanpedro.com.ar\/sitio\/colon-lo-denunciaron-por-abusar-de-una-nena-de-2-anos-mato-a-la-familia-y-se-suicido\/","title":{"rendered":"COL\u00d3N: Lo denunciaron por abusar de una nena de 2 a\u00f1os, mat\u00f3 a la familia y se suicid\u00f3"},"content":{"rendered":"<p><!-- VideographyWP Plugin Message: Automatic video embedding prevented by plugin options. --><br \/>\nSucedi\u00f3 en la ma\u00f1ana del jueves en una casa de 54 y 26. El presunto homicida, de 37 a\u00f1os, asesin\u00f3 a una menor de 2, un chico de 12, a la ex pareja de 35 y a un hombre de 55. Luego llam\u00f3 al 911 para avisar de la masacre y se quit\u00f3 la vida. Dej\u00f3 audios y cartas.<\/p>\n<p>Un hombre de 37 a\u00f1os asesin\u00f3 esta ma\u00f1ana a cuatro miembros de su familia y luego se suicid\u00f3 de un disparo en la cabeza en la localidad bonaerense de Col\u00f3n, informaron fuentes policiales a INFOCIELO.<br \/>\nEl hecho se registr\u00f3 alrededor de las 11 en un domicilio ubicado en la calle 54 y 26 donde los efectivos policiales encontraron los cinco cuerpos fallecidos.<br \/>\nSeg\u00fan se detall\u00f3, el homicida, identificado como Leonardo Ayala, llam\u00f3 al 911 antes de suicidarse para dar a conocer los asesinatos por un presunto problema familiar.<br \/>\nUn vocero oficial indic\u00f3 que los cuerpos hallados corresponden a una nena de 2 a\u00f1os, un chico de 12, una mujer de 35, un hombre de 55 a\u00f1os aproximadamente y al de Ayala.<br \/>\nDe acuerdo a las primeras averiguaciones de los detectives policiales, Ayala y la mujer de 35 asesinada eran pareja hasta que esta \u00faltima lo denunci\u00f3 por un abuso sexual hacia la ni\u00f1a fallecida.<br \/>\nAnte ello, el juzgado de Garant\u00edas de Pergamino dispuso una perimetral hacia el abusador, de la que fue notificado el lunes pasado.<br \/>\nAdem\u00e1s, los investigadores informaron que el homicida habr\u00eda dejado en su domicilio una carta y unos audios donde explicar\u00eda la decisi\u00f3n tomada.<br \/>\nInterviene en el caso la UFI  de Brant Magdalena.<\/p>\n<p>Fuente: Info Cielo<\/p>\n","protected":false},"excerpt":{"rendered":"<p>Sucedi\u00f3 en la ma\u00f1ana del jueves en una casa de 54 y 26. El presunto homicida, de 37 a\u00f1os, asesin\u00f3 a una menor de 2, un chico de 12, a la ex pareja de 35 y a un hombre de 55. Luego llam\u00f3 al 911 para avisar de la masacre y se quit\u00f3 la vida. [&hellip;]<\/p>\n","protected":false},"author":4,"featured_media":43713,"comment_status":"open","ping_status":"closed","sticky":false,"template":"","format":"standard","meta":{"om_disable_all_campaigns":false,"_jetpack_memberships_contains_paid_content":false,"footnotes":""},"categories":[621],"tags":[],"class_list":["post-43711","post","type-post","status-publish","format-standard","has-post-thumbnail","hentry","category-regionales"],"aioseo_notices":[],"gutentor_comment":0,"jetpack_featured_media_url":"https:\/\/eldiariodesanpedro.com.ar\/sitio\/wp-content\/uploads\/2018\/11\/PAGINA-7-6.jpg","jetpack_shortlink":"https:\/\/wp.me\/p6RhLt-bn1","jetpack_sharing_enabled":true,"_links":{"self":[{"href":"https:\/\/eldiariodesanpedro.com.ar\/sitio\/wp-json\/wp\/v2\/posts\/43711","targetHints":{"allow":["GET"]}}],"collection":[{"href":"https:\/\/eldiariodesanpedro.com.ar\/sitio\/wp-json\/wp\/v2\/posts"}],"about":[{"href":"https:\/\/eldiariodesanpedro.com.ar\/sitio\/wp-json\/wp\/v2\/types\/post"}],"author":[{"embeddable":true,"href":"https:\/\/eldiariodesanpedro.com.ar\/sitio\/wp-json\/wp\/v2\/users\/4"}],"replies":[{"embeddable":true,"href":"https:\/\/eldiariodesanpedro.com.ar\/sitio\/wp-json\/wp\/v2\/comments?post=43711"}],"version-history":[{"count":1,"href":"https:\/\/eldiariodesanpedro.com.ar\/sitio\/wp-json\/wp\/v2\/posts\/43711\/revisions"}],"predecessor-version":[{"id":43716,"href":"https:\/\/eldiariodesanpedro.com.ar\/sitio\/wp-json\/wp\/v2\/posts\/43711\/revisions\/43716"}],"wp:featuredmedia":[{"embeddable":true,"href":"https:\/\/eldiariodesanpedro.com.ar\/sitio\/wp-json\/wp\/v2\/media\/43713"}],"wp:attachment":[{"href":"https:\/\/eldiariodesanpedro.com.ar\/sitio\/wp-json\/wp\/v2\/media?parent=43711"}],"wp:term":[{"taxonomy":"category","embeddable":true,"href":"https:\/\/eldiariodesanpedro.com.ar\/sitio\/wp-json\/wp\/v2\/categories?post=43711"},{"taxonomy":"post_tag","embeddable":true,"href":"https:\/\/eldiariodesanpedro.com.ar\/sitio\/wp-json\/wp\/v2\/tags?post=43711"}],"curies":[{"name":"wp","href":"https:\/\/api.w.org\/{rel}","templated":true}]}}