{"id":43707,"date":"2018-11-16T20:32:25","date_gmt":"2018-11-16T23:32:25","guid":{"rendered":"https:\/\/eldiariodesanpedro.com.ar\/sitio\/?p=43707"},"modified":"2018-11-16T20:32:25","modified_gmt":"2018-11-16T23:32:25","slug":"arrecifes-se-especula-con-una-posible-candidatura-de-bolinaga-a-intendente","status":"publish","type":"post","link":"https:\/\/eldiariodesanpedro.com.ar\/sitio\/arrecifes-se-especula-con-una-posible-candidatura-de-bolinaga-a-intendente\/","title":{"rendered":"ARRECIFES: Se especula con una posible candidatura de Bolinaga a Intendente"},"content":{"rendered":"<p><!-- VideographyWP Plugin Message: Automatic video embedding prevented by plugin options. --><br \/>\nEl peronismo se est\u00e1 moviendo, como durante casi toda su historia. Por ello se dice que no es un partido pol\u00edtico sino un movimiento. En Arrecifes ocurre eso, como en el resto del pa\u00eds.<br \/>\nLuego de perder las elecciones municipales en 2015 contra Javier Olaeta, en medio de una atomizaci\u00f3n de distintos sectores justicialistas muy divididos y -en algunos casos- hasta enfrentados, todos los peronistas coinciden en que si no se unen ser\u00e1 casi imposible recuperar la Municipalidad en 2019. Pero del pensamiento a la concreci\u00f3n hay una gran distancia.<br \/>\nEn los \u00faltimos tiempos han existido reuniones entre todos los referentes de las distintas vertientes de origen justicialista, entendiendo la necesidad de unirse. No obstante, algunos no coinciden con otros en las formas y sienten que no encajan. En este contexto, varios contin\u00faan en el camino de la unidad y otros se muestran reticentes, no porque no la quieran sino porque no comparten el \u201cc\u00f3mo\u201d.<br \/>\nA\u00fan falta mucho para las elecciones, pero es inevitable que se empiece a hablar de nombres de candidatos. Se han tirado distintos posibles, pero ninguno de ellos conforma a todos. En medio de estas idas y vueltas, al parecer hay uno que tiene en claro su objetivo y es quien lidera el grupo m\u00e1s importante en n\u00famero dentro del peronismo local.<br \/>\nEl presidente del PJ de Arrecifes y ex tres veces intendente, Daniel Bolinaga, manifest\u00f3 entre sus allegados: \u201cEst\u00e1n dando muchas vueltas. Voy a ir yo como candidato. El que me quiera votar que me vote y el que no, mala suerte\u201d.<br \/>\nBolinaga entiende que tiene sobrados elementos para pelearle la Intendencia a Olaeta y muchas cartas guardadas que a\u00fan no ha jugado porque no es el momento. Las guarda para utilizarlas en caso de que confirme su candidatura y reci\u00e9n el a\u00f1o pr\u00f3ximo.<\/p>\n<p>Fuente:Arrecifes Noticias<\/p>\n","protected":false},"excerpt":{"rendered":"<p>El peronismo se est\u00e1 moviendo, como durante casi toda su historia. Por ello se dice que no es un partido pol\u00edtico sino un movimiento. En Arrecifes ocurre eso, como en el resto del pa\u00eds. Luego de perder las elecciones municipales en 2015 contra Javier Olaeta, en medio de una atomizaci\u00f3n de distintos sectores justicialistas muy [&hellip;]<\/p>\n","protected":false},"author":4,"featured_media":43708,"comment_status":"open","ping_status":"closed","sticky":false,"template":"","format":"standard","meta":{"om_disable_all_campaigns":false,"_jetpack_memberships_contains_paid_content":false,"footnotes":""},"categories":[621],"tags":[],"class_list":["post-43707","post","type-post","status-publish","format-standard","has-post-thumbnail","hentry","category-regionales"],"aioseo_notices":[],"gutentor_comment":0,"jetpack_featured_media_url":"https:\/\/eldiariodesanpedro.com.ar\/sitio\/wp-content\/uploads\/2018\/11\/bolinaga-acto-lanzamiento.jpg","jetpack_shortlink":"https:\/\/wp.me\/p6RhLt-bmX","jetpack_sharing_enabled":true,"_links":{"self":[{"href":"https:\/\/eldiariodesanpedro.com.ar\/sitio\/wp-json\/wp\/v2\/posts\/43707","targetHints":{"allow":["GET"]}}],"collection":[{"href":"https:\/\/eldiariodesanpedro.com.ar\/sitio\/wp-json\/wp\/v2\/posts"}],"about":[{"href":"https:\/\/eldiariodesanpedro.com.ar\/sitio\/wp-json\/wp\/v2\/types\/post"}],"author":[{"embeddable":true,"href":"https:\/\/eldiariodesanpedro.com.ar\/sitio\/wp-json\/wp\/v2\/users\/4"}],"replies":[{"embeddable":true,"href":"https:\/\/eldiariodesanpedro.com.ar\/sitio\/wp-json\/wp\/v2\/comments?post=43707"}],"version-history":[{"count":1,"href":"https:\/\/eldiariodesanpedro.com.ar\/sitio\/wp-json\/wp\/v2\/posts\/43707\/revisions"}],"predecessor-version":[{"id":43709,"href":"https:\/\/eldiariodesanpedro.com.ar\/sitio\/wp-json\/wp\/v2\/posts\/43707\/revisions\/43709"}],"wp:featuredmedia":[{"embeddable":true,"href":"https:\/\/eldiariodesanpedro.com.ar\/sitio\/wp-json\/wp\/v2\/media\/43708"}],"wp:attachment":[{"href":"https:\/\/eldiariodesanpedro.com.ar\/sitio\/wp-json\/wp\/v2\/media?parent=43707"}],"wp:term":[{"taxonomy":"category","embeddable":true,"href":"https:\/\/eldiariodesanpedro.com.ar\/sitio\/wp-json\/wp\/v2\/categories?post=43707"},{"taxonomy":"post_tag","embeddable":true,"href":"https:\/\/eldiariodesanpedro.com.ar\/sitio\/wp-json\/wp\/v2\/tags?post=43707"}],"curies":[{"name":"wp","href":"https:\/\/api.w.org\/{rel}","templated":true}]}}