{"id":43704,"date":"2018-11-16T20:32:33","date_gmt":"2018-11-16T23:32:33","guid":{"rendered":"https:\/\/eldiariodesanpedro.com.ar\/sitio\/?p=43704"},"modified":"2018-11-16T20:32:33","modified_gmt":"2018-11-16T23:32:33","slug":"escobar-graciela-cunial-repudiamos-a-los-policias-que-deshonran-el-uniforme","status":"publish","type":"post","link":"https:\/\/eldiariodesanpedro.com.ar\/sitio\/escobar-graciela-cunial-repudiamos-a-los-policias-que-deshonran-el-uniforme\/","title":{"rendered":"ESCOBAR, Graciela Cunial: \u201cRepudiamos a los polic\u00edas que deshonran el uniforme\u201d"},"content":{"rendered":"<p><!-- VideographyWP Plugin Message: Automatic video embedding prevented by plugin options. --><br \/>\nLa secretar\u00eda de Seguridad habl\u00f3 en conferencia de prensa sobre la detenci\u00f3n del titular y del segundo jefe de la comisar\u00eda Escobar 1ra. Est\u00e1n acusados de extorsionar a un preso para \u201cmejorar sus condiciones de alojamiento\u201d.<br \/>\nLa secretar\u00eda de Seguridad y Prevenci\u00f3n Comunitaria del Municipio, Graciela Cunial, expres\u00f3 un en\u00e9rgico repudio a las autoridades de la comisar\u00eda Escobar 1ra, que fueron removidas y detenidas bajo la acusaci\u00f3n de pedirle dinero a un preso para \u201cmejorar sus condiciones de alojamiento\u201d.<br \/>\n\u201cRepudiamos a estos funcionarios, que deshonran el uniforme policial. Sentimos verg\u00fcenza y dolor, porque estos hechos tiran por la borda el buen trabajo que hacen los compa\u00f1eros\u201d, enfatiz\u00f3 la comisar\u00eda general retirada, que este martes a las 13 ofreci\u00f3 una conferencia de prensa en la sala de reuniones de la Secretar\u00eda de Seguridad.<br \/>\n\u201cNo nos representan, no es lo que nosotros hacemos a diario\u201d, asinti\u00f3 el comisario inspector V\u00edctor Benedetti, quien la semana pasada asumi\u00f3 como jefe departamental de Z\u00e1rate-Campana tras estar tres a\u00f1os al frente de la Jefatura Distrital de Escobar. En su lugar est\u00e1 ahora el comisario Rub\u00e9n Marcell, que simult\u00e1neamente sigue a cargo del Comando y tambi\u00e9n particip\u00f3 de la rueda de prensa.<br \/>\nLos funcionarios dieron precisiones sobre el procedimiento que termin\u00f3, este lunes a la noche, con la destituci\u00f3n y detenci\u00f3n del comisario Jorge Cardozo y el subcomisario Hugo Figliori, quienes desde el 26 de septiembre estaban a cargo de la comisar\u00eda Escobar 1ra.<br \/>\nCunial se\u00f1al\u00f3 que la investigaci\u00f3n se inici\u00f3 en el Juzgado Federal de Z\u00e1rate-Campana a partir de la denuncia de un preso alojado en los calabozos de la seccional. El detenido afirm\u00f3 que el subcomisario Figliori le pidi\u00f3 4 mil pesos a cambio de \u201cmejorar sus condiciones de alojamiento\u201d. Inicialmente hab\u00eda trascendido que le habr\u00eda propuesto liberarlo, pero la versi\u00f3n era inexacta.<br \/>\nEl recluso en cuesti\u00f3n es uno de los tres individuos que el pasado viernes a la madrugada fueron detenidos, junto a cuatro mujeres, tras una serie de allanamientos en el barrio Do\u00f1a Justa de Ingeniero Maschwitz. Est\u00e1n acusados de integrar una banda de narcomenudeo que comercializaba marihuana y coca\u00edna por la zona.<br \/>\nA partir de la denuncia, el juez federal Adri\u00e1n Gonz\u00e1lez Charvay dispuso la intervenci\u00f3n de Asuntos Internos de la Polic\u00eda Bonaerense. Desde all\u00ed se acord\u00f3 una reuni\u00f3n con Figliori en la que un subcomisario de esa divisi\u00f3n se hizo pasar por familiar del detenido y le entreg\u00f3 el dinero pactado con billetes marcados. Inmediatamente, Figliori y el comisario Cardozo fueron arrestados, seg\u00fan relat\u00f3 Cunial.<br \/>\nAmbos pasaron la madrugada en los calabozos de la comisar\u00eda y durante la ma\u00f1ana fueron trasladados a las celdas de una dependencia policial del partido de Tigre exclusiva para miembros de la fuerza con causas penales. Se les imputa el delito de \u201cextorsi\u00f3n\u201d. \u201cEl procedimiento fue impecable, no hay margen para dudas\u201d, sostuvo Benedetti.<br \/>\nPor su parte, estaba previsto que el denunciante y sus compa\u00f1eros de banda sean trasladados a la Unidad Penitenciaria de Campana.<\/p>\n<p>Fuente: El Dia De Escobar<\/p>\n","protected":false},"excerpt":{"rendered":"<p>La secretar\u00eda de Seguridad habl\u00f3 en conferencia de prensa sobre la detenci\u00f3n del titular y del segundo jefe de la comisar\u00eda Escobar 1ra. Est\u00e1n acusados de extorsionar a un preso para \u201cmejorar sus condiciones de alojamiento\u201d. La secretar\u00eda de Seguridad y Prevenci\u00f3n Comunitaria del Municipio, Graciela Cunial, expres\u00f3 un en\u00e9rgico repudio a las autoridades de [&hellip;]<\/p>\n","protected":false},"author":4,"featured_media":43706,"comment_status":"open","ping_status":"closed","sticky":false,"template":"","format":"standard","meta":{"om_disable_all_campaigns":false,"_jetpack_memberships_contains_paid_content":false,"footnotes":""},"categories":[621],"tags":[],"class_list":["post-43704","post","type-post","status-publish","format-standard","has-post-thumbnail","hentry","category-regionales"],"aioseo_notices":[],"gutentor_comment":0,"jetpack_featured_media_url":"https:\/\/eldiariodesanpedro.com.ar\/sitio\/wp-content\/uploads\/2018\/11\/Graciela-Cunial-Repudiamos-a-los-policias-que-deshonran-el-uniforme.jpg","jetpack_shortlink":"https:\/\/wp.me\/p6RhLt-bmU","jetpack_sharing_enabled":true,"_links":{"self":[{"href":"https:\/\/eldiariodesanpedro.com.ar\/sitio\/wp-json\/wp\/v2\/posts\/43704","targetHints":{"allow":["GET"]}}],"collection":[{"href":"https:\/\/eldiariodesanpedro.com.ar\/sitio\/wp-json\/wp\/v2\/posts"}],"about":[{"href":"https:\/\/eldiariodesanpedro.com.ar\/sitio\/wp-json\/wp\/v2\/types\/post"}],"author":[{"embeddable":true,"href":"https:\/\/eldiariodesanpedro.com.ar\/sitio\/wp-json\/wp\/v2\/users\/4"}],"replies":[{"embeddable":true,"href":"https:\/\/eldiariodesanpedro.com.ar\/sitio\/wp-json\/wp\/v2\/comments?post=43704"}],"version-history":[{"count":1,"href":"https:\/\/eldiariodesanpedro.com.ar\/sitio\/wp-json\/wp\/v2\/posts\/43704\/revisions"}],"predecessor-version":[{"id":43712,"href":"https:\/\/eldiariodesanpedro.com.ar\/sitio\/wp-json\/wp\/v2\/posts\/43704\/revisions\/43712"}],"wp:featuredmedia":[{"embeddable":true,"href":"https:\/\/eldiariodesanpedro.com.ar\/sitio\/wp-json\/wp\/v2\/media\/43706"}],"wp:attachment":[{"href":"https:\/\/eldiariodesanpedro.com.ar\/sitio\/wp-json\/wp\/v2\/media?parent=43704"}],"wp:term":[{"taxonomy":"category","embeddable":true,"href":"https:\/\/eldiariodesanpedro.com.ar\/sitio\/wp-json\/wp\/v2\/categories?post=43704"},{"taxonomy":"post_tag","embeddable":true,"href":"https:\/\/eldiariodesanpedro.com.ar\/sitio\/wp-json\/wp\/v2\/tags?post=43704"}],"curies":[{"name":"wp","href":"https:\/\/api.w.org\/{rel}","templated":true}]}}