{"id":43703,"date":"2018-11-16T20:32:27","date_gmt":"2018-11-16T23:32:27","guid":{"rendered":"https:\/\/eldiariodesanpedro.com.ar\/sitio\/?p=43703"},"modified":"2018-11-16T20:32:27","modified_gmt":"2018-11-16T23:32:27","slug":"zarate-presupuesto-2019-a-los-limenos-nos-tratan-como-ciudadanos-de-segunda","status":"publish","type":"post","link":"https:\/\/eldiariodesanpedro.com.ar\/sitio\/zarate-presupuesto-2019-a-los-limenos-nos-tratan-como-ciudadanos-de-segunda\/","title":{"rendered":"Z\u00c1RATE, Presupuesto 2019: \u201ca los lime\u00f1os nos tratan como ciudadanos de segunda\u201d"},"content":{"rendered":"<p><!-- VideographyWP Plugin Message: Automatic video embedding prevented by plugin options. --><br \/>\nEl concejal del bloque Unidad Ciudadana del concejo deliberante de Z\u00e1rate, Lucas Castiglioni analiz\u00f3 el Presupuesto 2019 que ingres\u00f3 el Ejecutivo y se refiri\u00f3 al destino que tendr\u00e1 para Lima, de donde es oriundo, y afirm\u00f3 que \u201clos lime\u00f1os son ciudadanos de segunda\u201d.<br \/>\nEl concejal de Unidad Ciudadana, Lucas Castiglioni, explic\u00f3 en una charla-debate con vecinos de Lima el \u201cPresupuesto 2019\u201d y los incentiv\u00f3 a participar en esta cuesti\u00f3n que por estos d\u00edas se debate en comisiones del HCD de Z\u00e1rate y el oficialismo busca aprobar este viernes.<br \/>\nEl concejal se\u00f1al\u00f3 que \u201cel Presupuesto destinado a Z\u00e1rate es de 2.636 millones de pesos mientras que para Lima 137.690.600. Desde el a\u00f1o 2016 en t\u00e9rminos de porcentaje Lima recibe menos, eso se refleja en una p\u00e9rdida de la calidad de vida para todos los lime\u00f1os. Como ejemplo cualquier vecino que recibe 10 pesos el lime\u00f1o recibe 4 pesos. Nosotros queremos un trato igualitario no queremos ser ciudadanos de segunda\u201d. <\/p>\n<p>Fuente: Impacto Local<\/p>\n","protected":false},"excerpt":{"rendered":"<p>El concejal del bloque Unidad Ciudadana del concejo deliberante de Z\u00e1rate, Lucas Castiglioni analiz\u00f3 el Presupuesto 2019 que ingres\u00f3 el Ejecutivo y se refiri\u00f3 al destino que tendr\u00e1 para Lima, de donde es oriundo, y afirm\u00f3 que \u201clos lime\u00f1os son ciudadanos de segunda\u201d. El concejal de Unidad Ciudadana, Lucas Castiglioni, explic\u00f3 en una charla-debate con [&hellip;]<\/p>\n","protected":false},"author":4,"featured_media":43705,"comment_status":"open","ping_status":"closed","sticky":false,"template":"","format":"standard","meta":{"om_disable_all_campaigns":false,"_jetpack_memberships_contains_paid_content":false,"footnotes":""},"categories":[621],"tags":[],"class_list":["post-43703","post","type-post","status-publish","format-standard","has-post-thumbnail","hentry","category-regionales"],"aioseo_notices":[],"gutentor_comment":0,"jetpack_featured_media_url":"https:\/\/eldiariodesanpedro.com.ar\/sitio\/wp-content\/uploads\/2018\/11\/PAGINA-6-7.jpg","jetpack_shortlink":"https:\/\/wp.me\/p6RhLt-bmT","jetpack_sharing_enabled":true,"_links":{"self":[{"href":"https:\/\/eldiariodesanpedro.com.ar\/sitio\/wp-json\/wp\/v2\/posts\/43703","targetHints":{"allow":["GET"]}}],"collection":[{"href":"https:\/\/eldiariodesanpedro.com.ar\/sitio\/wp-json\/wp\/v2\/posts"}],"about":[{"href":"https:\/\/eldiariodesanpedro.com.ar\/sitio\/wp-json\/wp\/v2\/types\/post"}],"author":[{"embeddable":true,"href":"https:\/\/eldiariodesanpedro.com.ar\/sitio\/wp-json\/wp\/v2\/users\/4"}],"replies":[{"embeddable":true,"href":"https:\/\/eldiariodesanpedro.com.ar\/sitio\/wp-json\/wp\/v2\/comments?post=43703"}],"version-history":[{"count":1,"href":"https:\/\/eldiariodesanpedro.com.ar\/sitio\/wp-json\/wp\/v2\/posts\/43703\/revisions"}],"predecessor-version":[{"id":43710,"href":"https:\/\/eldiariodesanpedro.com.ar\/sitio\/wp-json\/wp\/v2\/posts\/43703\/revisions\/43710"}],"wp:featuredmedia":[{"embeddable":true,"href":"https:\/\/eldiariodesanpedro.com.ar\/sitio\/wp-json\/wp\/v2\/media\/43705"}],"wp:attachment":[{"href":"https:\/\/eldiariodesanpedro.com.ar\/sitio\/wp-json\/wp\/v2\/media?parent=43703"}],"wp:term":[{"taxonomy":"category","embeddable":true,"href":"https:\/\/eldiariodesanpedro.com.ar\/sitio\/wp-json\/wp\/v2\/categories?post=43703"},{"taxonomy":"post_tag","embeddable":true,"href":"https:\/\/eldiariodesanpedro.com.ar\/sitio\/wp-json\/wp\/v2\/tags?post=43703"}],"curies":[{"name":"wp","href":"https:\/\/api.w.org\/{rel}","templated":true}]}}