{"id":43698,"date":"2018-11-16T17:16:55","date_gmt":"2018-11-16T20:16:55","guid":{"rendered":"https:\/\/eldiariodesanpedro.com.ar\/sitio\/?p=43698"},"modified":"2018-11-16T17:19:04","modified_gmt":"2018-11-16T20:19:04","slug":"inicia-el-trabajo-de-mosaiquismo-en-la-escalera-de-las-flores","status":"publish","type":"post","link":"https:\/\/eldiariodesanpedro.com.ar\/sitio\/inicia-el-trabajo-de-mosaiquismo-en-la-escalera-de-las-flores\/","title":{"rendered":"Inicia el trabajo de mosaiquismo en la Escalera de las Flores"},"content":{"rendered":"<p><!-- VideographyWP Plugin Message: Automatic video embedding prevented by plugin options. --><br \/>\nLa Direcci\u00f3n de Turismo invita a todos los sampedrinos y turistas que quieran disfrutar del trabajo de mosaiquismo que estar\u00e1n realizando las profesoras Mariana Maroli y y Mar\u00eda Luz Mendez con voluntarios y colaboradores en la Escalera de Las Flores frente al Paseo P\u00fablico este s\u00e1bado 17 a partir de las 10 de la ma\u00f1ana.<\/p>\n<p>Recordamos que durante los talleres de mosaiquismo que se realizaron en la Casona de Turismo, se trabaj\u00f3 en piezas decorativas que ahora ser\u00e1n plasmada en la escalera.<\/p>\n","protected":false},"excerpt":{"rendered":"<p>La Direcci\u00f3n de Turismo invita a todos los sampedrinos y turistas que quieran disfrutar del trabajo de mosaiquismo que estar\u00e1n realizando las profesoras Mariana Maroli y y Mar\u00eda Luz Mendez con voluntarios y colaboradores en la Escalera de Las Flores frente al Paseo P\u00fablico este s\u00e1bado 17 a partir de las 10 de la ma\u00f1ana. [&hellip;]<\/p>\n","protected":false},"author":4,"featured_media":43699,"comment_status":"open","ping_status":"closed","sticky":false,"template":"","format":"standard","meta":{"om_disable_all_campaigns":false,"_jetpack_memberships_contains_paid_content":false,"footnotes":""},"categories":[101,2],"tags":[],"class_list":["post-43698","post","type-post","status-publish","format-standard","has-post-thumbnail","hentry","category-interes-general-locales","category-locales"],"aioseo_notices":[],"gutentor_comment":0,"jetpack_featured_media_url":"https:\/\/eldiariodesanpedro.com.ar\/sitio\/wp-content\/uploads\/2018\/11\/pastedImage-5.png","jetpack_shortlink":"https:\/\/wp.me\/p6RhLt-bmO","jetpack_sharing_enabled":true,"_links":{"self":[{"href":"https:\/\/eldiariodesanpedro.com.ar\/sitio\/wp-json\/wp\/v2\/posts\/43698","targetHints":{"allow":["GET"]}}],"collection":[{"href":"https:\/\/eldiariodesanpedro.com.ar\/sitio\/wp-json\/wp\/v2\/posts"}],"about":[{"href":"https:\/\/eldiariodesanpedro.com.ar\/sitio\/wp-json\/wp\/v2\/types\/post"}],"author":[{"embeddable":true,"href":"https:\/\/eldiariodesanpedro.com.ar\/sitio\/wp-json\/wp\/v2\/users\/4"}],"replies":[{"embeddable":true,"href":"https:\/\/eldiariodesanpedro.com.ar\/sitio\/wp-json\/wp\/v2\/comments?post=43698"}],"version-history":[{"count":1,"href":"https:\/\/eldiariodesanpedro.com.ar\/sitio\/wp-json\/wp\/v2\/posts\/43698\/revisions"}],"predecessor-version":[{"id":43700,"href":"https:\/\/eldiariodesanpedro.com.ar\/sitio\/wp-json\/wp\/v2\/posts\/43698\/revisions\/43700"}],"wp:featuredmedia":[{"embeddable":true,"href":"https:\/\/eldiariodesanpedro.com.ar\/sitio\/wp-json\/wp\/v2\/media\/43699"}],"wp:attachment":[{"href":"https:\/\/eldiariodesanpedro.com.ar\/sitio\/wp-json\/wp\/v2\/media?parent=43698"}],"wp:term":[{"taxonomy":"category","embeddable":true,"href":"https:\/\/eldiariodesanpedro.com.ar\/sitio\/wp-json\/wp\/v2\/categories?post=43698"},{"taxonomy":"post_tag","embeddable":true,"href":"https:\/\/eldiariodesanpedro.com.ar\/sitio\/wp-json\/wp\/v2\/tags?post=43698"}],"curies":[{"name":"wp","href":"https:\/\/api.w.org\/{rel}","templated":true}]}}