{"id":43691,"date":"2018-11-16T13:05:14","date_gmt":"2018-11-16T16:05:14","guid":{"rendered":"https:\/\/eldiariodesanpedro.com.ar\/sitio\/?p=43691"},"modified":"2018-11-16T13:05:14","modified_gmt":"2018-11-16T16:05:14","slug":"robos-en-el-club-san-roque-en-una-vivienda-y-en-el-cementerio-local","status":"publish","type":"post","link":"https:\/\/eldiariodesanpedro.com.ar\/sitio\/robos-en-el-club-san-roque-en-una-vivienda-y-en-el-cementerio-local\/","title":{"rendered":"Robos: En el Club San Roque, en una vivienda y en el Cementerio Local"},"content":{"rendered":"<p><!-- VideographyWP Plugin Message: Automatic video embedding prevented by plugin options. --><br \/>\nTres hechos de robos consumados presenta el parte oficial del Subcomisario Galeano, que se encuentra a cargo de la Comisar\u00eda Local. En el Club San Roque robaron y  provocaron much\u00edsimos destrozos, en una vivienda sustrajeron elementos de valor y en el Cementerio se constat\u00f3 el faltante de la puerta de una b\u00f3veda.<\/p>\n<p>\u00abSolamente unas pavas y elementos de los reflectores pero destruyeron todo lo que tuvieron a su alcance, en lo que va del a\u00f1o ya perdimos la cuenta de cuantas veces entraron\u00bb fueron las palabras de uno de los integrantes de la comisi\u00f3n del Club de Defensores.<\/p>\n<p>El hecho se produjo el la madrugada del jueves, en la sede ubicada en La Laguna al 1500, cuando delincuentes ignorados ingresaron  destruyendo todo lo que tuvieron a su alcance, desde puertas y rejas, hasta un disyuntor colocado hace dos semanas.<\/p>\n<p>Tambi\u00e9n un ciudadano de 41, constat\u00f3 que al llegar a su domicilio sito en calle Balcarce al 1400, malvivientes forzaron la ventana de su hogar y sustrajeron dos garrafas y un equipo de m\u00fasica.<\/p>\n<p>En cuanto en el Cementerio Local, el sereno del lugar, dando su recorrida por la ma\u00f1ana constato que en una de las b\u00f3vedas faltaba su puerta de aluminio<\/p>\n<p>Ambos hechos son investigados con intervenci\u00f3n de la Fiscal\u00eda de turno en San Pedro.<\/p>\n","protected":false},"excerpt":{"rendered":"<p>Tres hechos de robos consumados presenta el parte oficial del Subcomisario Galeano, que se encuentra a cargo de la Comisar\u00eda Local. En el Club San Roque robaron y provocaron much\u00edsimos destrozos, en una vivienda sustrajeron elementos de valor y en el Cementerio se constat\u00f3 el faltante de la puerta de una b\u00f3veda. \u00abSolamente unas pavas [&hellip;]<\/p>\n","protected":false},"author":4,"featured_media":13372,"comment_status":"open","ping_status":"closed","sticky":false,"template":"","format":"standard","meta":{"om_disable_all_campaigns":false,"_jetpack_memberships_contains_paid_content":false,"footnotes":""},"categories":[50,2,103],"tags":[],"class_list":["post-43691","post","type-post","status-publish","format-standard","has-post-thumbnail","hentry","category-destacadas","category-locales","category-policiales-locales"],"aioseo_notices":[],"gutentor_comment":0,"jetpack_featured_media_url":"https:\/\/eldiariodesanpedro.com.ar\/sitio\/wp-content\/uploads\/2017\/01\/Patrulla-4-e1485286120389.jpg","jetpack_shortlink":"https:\/\/wp.me\/p6RhLt-bmH","jetpack_sharing_enabled":true,"_links":{"self":[{"href":"https:\/\/eldiariodesanpedro.com.ar\/sitio\/wp-json\/wp\/v2\/posts\/43691","targetHints":{"allow":["GET"]}}],"collection":[{"href":"https:\/\/eldiariodesanpedro.com.ar\/sitio\/wp-json\/wp\/v2\/posts"}],"about":[{"href":"https:\/\/eldiariodesanpedro.com.ar\/sitio\/wp-json\/wp\/v2\/types\/post"}],"author":[{"embeddable":true,"href":"https:\/\/eldiariodesanpedro.com.ar\/sitio\/wp-json\/wp\/v2\/users\/4"}],"replies":[{"embeddable":true,"href":"https:\/\/eldiariodesanpedro.com.ar\/sitio\/wp-json\/wp\/v2\/comments?post=43691"}],"version-history":[{"count":1,"href":"https:\/\/eldiariodesanpedro.com.ar\/sitio\/wp-json\/wp\/v2\/posts\/43691\/revisions"}],"predecessor-version":[{"id":43692,"href":"https:\/\/eldiariodesanpedro.com.ar\/sitio\/wp-json\/wp\/v2\/posts\/43691\/revisions\/43692"}],"wp:featuredmedia":[{"embeddable":true,"href":"https:\/\/eldiariodesanpedro.com.ar\/sitio\/wp-json\/wp\/v2\/media\/13372"}],"wp:attachment":[{"href":"https:\/\/eldiariodesanpedro.com.ar\/sitio\/wp-json\/wp\/v2\/media?parent=43691"}],"wp:term":[{"taxonomy":"category","embeddable":true,"href":"https:\/\/eldiariodesanpedro.com.ar\/sitio\/wp-json\/wp\/v2\/categories?post=43691"},{"taxonomy":"post_tag","embeddable":true,"href":"https:\/\/eldiariodesanpedro.com.ar\/sitio\/wp-json\/wp\/v2\/tags?post=43691"}],"curies":[{"name":"wp","href":"https:\/\/api.w.org\/{rel}","templated":true}]}}