{"id":43684,"date":"2018-11-16T12:42:40","date_gmt":"2018-11-16T15:42:40","guid":{"rendered":"https:\/\/eldiariodesanpedro.com.ar\/sitio\/?p=43684"},"modified":"2018-11-16T17:33:14","modified_gmt":"2018-11-16T20:33:14","slug":"se-realizaron-dos-denuncias-por-danos-a-vehiculos-en-la-dependencia-locales","status":"publish","type":"post","link":"https:\/\/eldiariodesanpedro.com.ar\/sitio\/se-realizaron-dos-denuncias-por-danos-a-vehiculos-en-la-dependencia-locales\/","title":{"rendered":"Se realizaron dos denuncias por da\u00f1os a vehiculos en la dependencia locales"},"content":{"rendered":"<p><!-- VideographyWP Plugin Message: Automatic video embedding prevented by plugin options. --><br \/>\nEn la tarde noche del jueves, dos denuncias por da\u00f1os a vehiculos fueron radicadas en la Dependencia Local. En ambos casos se reconocieron a los autores de los hechos. <\/p>\n<p>Alrededor de las 19hs, personal policial arriba hacia un domicilio ubicado en calle Los Andes al 2000 donde logran la aprehensi\u00f3n de un adolescente de 15 a\u00f1os de edad, quien momentos antes provocara un da\u00f1o intencional en el parabrisas de una camioneta ford f100, propiedad de un ciudadano de 30.<\/p>\n<p>Intervino la fiscal\u00eda de menores de San Nicolas, la notificaci\u00f3n de la causa al menor y entregado a su progenitor.<\/p>\n<p>Tambi\u00e9n a las 22hs, una mujer de 33,  se encontraba en su domicilio de Sargento Celada al 500, con su familia, cuando escucha ruidos provenientes de la vereda, por lo que mira por la ventana observando que un hombre al que reconoce, se encontraba arrojando piedras a su camioneta marca Ford, da\u00f1\u00e1ndola intencionalmente.<\/p>\n<p>El agresor se fugo luego de cometer el hecho. <\/p>\n","protected":false},"excerpt":{"rendered":"<p>En la tarde noche del jueves, dos denuncias por da\u00f1os a vehiculos fueron radicadas en la Dependencia Local. En ambos casos se reconocieron a los autores de los hechos. Alrededor de las 19hs, personal policial arriba hacia un domicilio ubicado en calle Los Andes al 2000 donde logran la aprehensi\u00f3n de un adolescente de 15 [&hellip;]<\/p>\n","protected":false},"author":4,"featured_media":43685,"comment_status":"open","ping_status":"closed","sticky":false,"template":"","format":"standard","meta":{"om_disable_all_campaigns":false,"_jetpack_memberships_contains_paid_content":false,"footnotes":""},"categories":[2,103],"tags":[],"class_list":["post-43684","post","type-post","status-publish","format-standard","has-post-thumbnail","hentry","category-locales","category-policiales-locales"],"aioseo_notices":[],"gutentor_comment":0,"jetpack_featured_media_url":"https:\/\/eldiariodesanpedro.com.ar\/sitio\/wp-content\/uploads\/2018\/11\/WhatsApp-Image-2018-11-16-at-10.59.36.jpeg","jetpack_shortlink":"https:\/\/wp.me\/p6RhLt-bmA","jetpack_sharing_enabled":true,"_links":{"self":[{"href":"https:\/\/eldiariodesanpedro.com.ar\/sitio\/wp-json\/wp\/v2\/posts\/43684","targetHints":{"allow":["GET"]}}],"collection":[{"href":"https:\/\/eldiariodesanpedro.com.ar\/sitio\/wp-json\/wp\/v2\/posts"}],"about":[{"href":"https:\/\/eldiariodesanpedro.com.ar\/sitio\/wp-json\/wp\/v2\/types\/post"}],"author":[{"embeddable":true,"href":"https:\/\/eldiariodesanpedro.com.ar\/sitio\/wp-json\/wp\/v2\/users\/4"}],"replies":[{"embeddable":true,"href":"https:\/\/eldiariodesanpedro.com.ar\/sitio\/wp-json\/wp\/v2\/comments?post=43684"}],"version-history":[{"count":2,"href":"https:\/\/eldiariodesanpedro.com.ar\/sitio\/wp-json\/wp\/v2\/posts\/43684\/revisions"}],"predecessor-version":[{"id":43701,"href":"https:\/\/eldiariodesanpedro.com.ar\/sitio\/wp-json\/wp\/v2\/posts\/43684\/revisions\/43701"}],"wp:featuredmedia":[{"embeddable":true,"href":"https:\/\/eldiariodesanpedro.com.ar\/sitio\/wp-json\/wp\/v2\/media\/43685"}],"wp:attachment":[{"href":"https:\/\/eldiariodesanpedro.com.ar\/sitio\/wp-json\/wp\/v2\/media?parent=43684"}],"wp:term":[{"taxonomy":"category","embeddable":true,"href":"https:\/\/eldiariodesanpedro.com.ar\/sitio\/wp-json\/wp\/v2\/categories?post=43684"},{"taxonomy":"post_tag","embeddable":true,"href":"https:\/\/eldiariodesanpedro.com.ar\/sitio\/wp-json\/wp\/v2\/tags?post=43684"}],"curies":[{"name":"wp","href":"https:\/\/api.w.org\/{rel}","templated":true}]}}