{"id":43677,"date":"2018-11-16T10:00:27","date_gmt":"2018-11-16T13:00:27","guid":{"rendered":"https:\/\/eldiariodesanpedro.com.ar\/sitio\/?p=43677"},"modified":"2018-11-16T10:00:27","modified_gmt":"2018-11-16T13:00:27","slug":"manana-sabado-17-de-noviembre-la-ultima-feria-del-ano","status":"publish","type":"post","link":"https:\/\/eldiariodesanpedro.com.ar\/sitio\/manana-sabado-17-de-noviembre-la-ultima-feria-del-ano\/","title":{"rendered":"Ma\u00f1ana s\u00e1bado 17 de noviembre la \u00faltima feria del a\u00f1o"},"content":{"rendered":"<p><!-- VideographyWP Plugin Message: Automatic video embedding prevented by plugin options. --><br \/>\nTras la postergaci\u00f3n por el clima,  Frutos de la tierra y el r\u00edo  se concretara ma\u00f1ana de 10 a 18 hs. Habr\u00e1 una propuesta amplia de pescados, plantines hort\u00edcolas para terminar la huerta y la amplia variedad de productos de cada encuentro. <\/p>\n<p>El 2018 cierra para \u00abFrutos de la tierra y el r\u00edo\u00bb con dos grandes cambios y logros para su funcionamiento. Uno, la sanci\u00f3n de la ordenanza que regula y formaliza su existencia en la ciudad de San Pedro, el otro, la obtenci\u00f3n de la Personer\u00eda Jur\u00eddica como Asociaci\u00f3n Civil.<\/p>\n<p>El \u00faltimo encuentro ser\u00e1 de 10 a 18 horas frente a la Plaza Constituci\u00f3n de San Pedro, completando el cronograma de 5 encuentros al a\u00f1o y acercar\u00e1 nuevamente la producci\u00f3n al consumidor. Como en la edici\u00f3n anterior que ya sum\u00f3 dos feriantes nuevos que trajeron nueces pecan y pescado, en este se sumar\u00e1 un nuevo vivero que tendr\u00e1 plantas frutales. Y como en cada vez, estar\u00e1n todos los productos que caracterizan a la feria: hortalizas, huevos, plantines de distinto tipo con el foco puesto en la huerta, plantas ornamentales, dulces, miel, derivados de la miel, tejidos, entre tantas cosas.<\/p>\n","protected":false},"excerpt":{"rendered":"<p>Tras la postergaci\u00f3n por el clima, Frutos de la tierra y el r\u00edo se concretara ma\u00f1ana de 10 a 18 hs. Habr\u00e1 una propuesta amplia de pescados, plantines hort\u00edcolas para terminar la huerta y la amplia variedad de productos de cada encuentro. El 2018 cierra para \u00abFrutos de la tierra y el r\u00edo\u00bb con dos [&hellip;]<\/p>\n","protected":false},"author":4,"featured_media":43678,"comment_status":"open","ping_status":"closed","sticky":false,"template":"","format":"standard","meta":{"om_disable_all_campaigns":false,"_jetpack_memberships_contains_paid_content":false,"footnotes":""},"categories":[101,2],"tags":[],"class_list":["post-43677","post","type-post","status-publish","format-standard","has-post-thumbnail","hentry","category-interes-general-locales","category-locales"],"aioseo_notices":[],"gutentor_comment":0,"jetpack_featured_media_url":"https:\/\/eldiariodesanpedro.com.ar\/sitio\/wp-content\/uploads\/2018\/11\/68e7ffb8-8431-4256-9ce7-3cf0fe2b5a77-1.png","jetpack_shortlink":"https:\/\/wp.me\/p6RhLt-bmt","jetpack_sharing_enabled":true,"_links":{"self":[{"href":"https:\/\/eldiariodesanpedro.com.ar\/sitio\/wp-json\/wp\/v2\/posts\/43677","targetHints":{"allow":["GET"]}}],"collection":[{"href":"https:\/\/eldiariodesanpedro.com.ar\/sitio\/wp-json\/wp\/v2\/posts"}],"about":[{"href":"https:\/\/eldiariodesanpedro.com.ar\/sitio\/wp-json\/wp\/v2\/types\/post"}],"author":[{"embeddable":true,"href":"https:\/\/eldiariodesanpedro.com.ar\/sitio\/wp-json\/wp\/v2\/users\/4"}],"replies":[{"embeddable":true,"href":"https:\/\/eldiariodesanpedro.com.ar\/sitio\/wp-json\/wp\/v2\/comments?post=43677"}],"version-history":[{"count":1,"href":"https:\/\/eldiariodesanpedro.com.ar\/sitio\/wp-json\/wp\/v2\/posts\/43677\/revisions"}],"predecessor-version":[{"id":43679,"href":"https:\/\/eldiariodesanpedro.com.ar\/sitio\/wp-json\/wp\/v2\/posts\/43677\/revisions\/43679"}],"wp:featuredmedia":[{"embeddable":true,"href":"https:\/\/eldiariodesanpedro.com.ar\/sitio\/wp-json\/wp\/v2\/media\/43678"}],"wp:attachment":[{"href":"https:\/\/eldiariodesanpedro.com.ar\/sitio\/wp-json\/wp\/v2\/media?parent=43677"}],"wp:term":[{"taxonomy":"category","embeddable":true,"href":"https:\/\/eldiariodesanpedro.com.ar\/sitio\/wp-json\/wp\/v2\/categories?post=43677"},{"taxonomy":"post_tag","embeddable":true,"href":"https:\/\/eldiariodesanpedro.com.ar\/sitio\/wp-json\/wp\/v2\/tags?post=43677"}],"curies":[{"name":"wp","href":"https:\/\/api.w.org\/{rel}","templated":true}]}}