{"id":43674,"date":"2018-11-16T09:57:26","date_gmt":"2018-11-16T12:57:26","guid":{"rendered":"https:\/\/eldiariodesanpedro.com.ar\/sitio\/?p=43674"},"modified":"2018-11-16T09:57:26","modified_gmt":"2018-11-16T12:57:26","slug":"las-propuestas-del-3o-mega-festival-del-aire","status":"publish","type":"post","link":"https:\/\/eldiariodesanpedro.com.ar\/sitio\/las-propuestas-del-3o-mega-festival-del-aire\/","title":{"rendered":"Las propuestas del 3\u00ba Mega Festival del Aire"},"content":{"rendered":"<p><!-- VideographyWP Plugin Message: Automatic video embedding prevented by plugin options. --><br \/>\nEl pr\u00f3ximo fin de semana San Pedro ser\u00e1 sede de la tercera edici\u00f3n del Mega Festival del Aire en el Aeroclub con una variedad de propuestas que incluyen espect\u00e1culos, exhibiciones y talleres tem\u00e1ticos. Adjuntamos el cronograma de actividades con todos los horarios previstos y reiteramos la invitaci\u00f3n a participar colaborando con un alimento no perecedero para entidades bien p\u00fablico de San Pedro y la Agrupaci\u00f3n 4 Caminos.<\/p>\n<p>A partir del d\u00eda Viernes 23\/11 por la tarde se podr\u00e1 ingresar al predio del aeroclub. La pista no estar\u00e1 habilitada por parte de la Organizaci\u00f3n del Mega Festival del Aire, para volar, por lo que para llevar adelante la actividad se deber\u00e1 indefectiblemente tramitar el permiso correspondiente con el Jefe de Aer\u00f3dromo.<\/p>\n<p>El valor de la inscripci\u00f3n para pilotos es de $450, e incluye el uso de las instalaciones, estacionamiento, camping, 1 remera, 1 llavero, sorteos y cena de camarader\u00eda.<\/p>\n<p>La cena de camarader\u00eda est\u00e1 dirigida a pilotos y no incluye la bebida. Si un piloto desea participar con familiares el valor de la tarjeta es de $100 por familiar. Menores de 8 a\u00f1os no pagan.<\/p>\n<p>La misma se realizar\u00e1 al aire libre, por lo que es conveniente traer ropa acorde a las temperaturas de la noche. Se solicita concurrir con plato hondo y cuchara.<\/p>\n<p>El valor de los remolques para vuelos monoplaza ser\u00e1 de $150. Los mismos ser\u00e1n vendidos por personas del STAFF debidamente identificados. Ning\u00fan piloto ser\u00e1 remolcado si no posee ticket de remolque.<\/p>\n<p>Licencia habilitante todo piloto que desee volar deber\u00e1 poseer su licencia habilitante al d\u00eda, caso contrario deber\u00e1 concurrir con su instructor federado, qui\u00e9n ser\u00e1 responsable durante todas las etapas del vuelo o podr\u00e1 solicitar la asistencia de un instructor federado en el Festival.<\/p>\n<p>Cronograma de actividades<\/p>\n<p>S\u00e1bado 24\/11<br \/>\n08.30 hs &#8211; Primer briefing para pilotos de paramotor (Obligatorio), y posterior apertura de pista.-<br \/>\n09.00 hs &#8211; Briefing para pilotos biplaza-trike dedicados al Festival.-<br \/>\n10.00 hs &#8211; Briefing con torneros.-<br \/>\nEntre 10.00\/12.00 hs (dependiente de la condici\u00f3n climatol\u00f3gica), 2\u00ba briefing y posterior despegue hac\u00eda la primer Mega Vuelta Ol\u00edmpica del Aire 2018. (Solo podr\u00e1n participar pilotos con comunicaci\u00f3n radial v\u00eda VHF)<br \/>\n10.30 hs &#8211; Briefing para pilotos de vuelo libre (Obligatorio).-<br \/>\n11.00 hs &#8211; Apertura de rampa de vuelo libre.-<br \/>\nDe 12.00 a 15.00 hs &#8211; Cierre de rampa de paramotor (dependiente de la<br \/>\ncondici\u00f3n climatol\u00f3gica).-<br \/>\n14.00 hs &#8211; Taller de porcelana fr\u00eda para ni\u00f1os, alusivo al deporte. A cargo de<br \/>\nMar\u00eda de los \u00c1ngeles Oilher<br \/>\n15.30 hs &#8211; Show para ni\u00f1os a cargo de Ojitos de Agua<br \/>\n16.15 hs &#8211; Show musical a cargo de TUCRANEO<br \/>\n17.00 hs &#8211; Transmisi\u00f3n en vivo de la Final de la Copa Libertadores de Am\u00e9rica<br \/>\n19.00 hs &#8211; Show musical a cargo de Alebrige<br \/>\n19.30 hs &#8211; Show musical a cargo de CONTRAPISO Rock<br \/>\n19.30 hs &#8211; Cierre de rampas<br \/>\n20.20 hs &#8211; Reuni\u00f3n camarader\u00eda. Inicio de tradici\u00f3n.<br \/>\n21.30 hs &#8211; Cena de camarader\u00eda.<\/p>\n<p>Domingo 25\/11<br \/>\n08.30 hs &#8211; Primer briefing y apertura de rampa de paramotores<br \/>\n09.00 hs &#8211; Briefing para pilotos biplaza-trike dedicados al Festival.-<br \/>\n10.00 hs &#8211; Briefing con torneros.-<br \/>\n10.30 hs &#8211; Briefing pilotos vuelo libre y apertura de rampa (Obligatorio).-<br \/>\n11.00 hs &#8211; Apertura de rampa de vuelo libre<br \/>\nDe 12.00 a 15.00 hs &#8211; Cierre de rampa de paramotor (dependiente de la<br \/>\ncondici\u00f3n climatol\u00f3gica).-<br \/>\n16.30 hs &#8211; Show para ni\u00f1os a cargo de Blackie de la Biela<br \/>\n17.30 hs &#8211; Show musical a cargo de CONTRAPISO Rock<br \/>\n18.30 hs &#8211; Show musical a cargo de TUCRANEO<br \/>\n20.00 hs &#8211; Finalizaci\u00f3n del Mega Festival del Aire 3ra Edici\u00f3n<\/p>\n","protected":false},"excerpt":{"rendered":"<p>El pr\u00f3ximo fin de semana San Pedro ser\u00e1 sede de la tercera edici\u00f3n del Mega Festival del Aire en el Aeroclub con una variedad de propuestas que incluyen espect\u00e1culos, exhibiciones y talleres tem\u00e1ticos. Adjuntamos el cronograma de actividades con todos los horarios previstos y reiteramos la invitaci\u00f3n a participar colaborando con un alimento no perecedero [&hellip;]<\/p>\n","protected":false},"author":4,"featured_media":43675,"comment_status":"open","ping_status":"closed","sticky":false,"template":"","format":"standard","meta":{"om_disable_all_campaigns":false,"_jetpack_memberships_contains_paid_content":false,"footnotes":""},"categories":[101,2],"tags":[],"class_list":["post-43674","post","type-post","status-publish","format-standard","has-post-thumbnail","hentry","category-interes-general-locales","category-locales"],"aioseo_notices":[],"gutentor_comment":0,"jetpack_featured_media_url":"https:\/\/eldiariodesanpedro.com.ar\/sitio\/wp-content\/uploads\/2018\/11\/parapentes-20.jpg","jetpack_shortlink":"https:\/\/wp.me\/p6RhLt-bmq","jetpack_sharing_enabled":true,"_links":{"self":[{"href":"https:\/\/eldiariodesanpedro.com.ar\/sitio\/wp-json\/wp\/v2\/posts\/43674","targetHints":{"allow":["GET"]}}],"collection":[{"href":"https:\/\/eldiariodesanpedro.com.ar\/sitio\/wp-json\/wp\/v2\/posts"}],"about":[{"href":"https:\/\/eldiariodesanpedro.com.ar\/sitio\/wp-json\/wp\/v2\/types\/post"}],"author":[{"embeddable":true,"href":"https:\/\/eldiariodesanpedro.com.ar\/sitio\/wp-json\/wp\/v2\/users\/4"}],"replies":[{"embeddable":true,"href":"https:\/\/eldiariodesanpedro.com.ar\/sitio\/wp-json\/wp\/v2\/comments?post=43674"}],"version-history":[{"count":1,"href":"https:\/\/eldiariodesanpedro.com.ar\/sitio\/wp-json\/wp\/v2\/posts\/43674\/revisions"}],"predecessor-version":[{"id":43676,"href":"https:\/\/eldiariodesanpedro.com.ar\/sitio\/wp-json\/wp\/v2\/posts\/43674\/revisions\/43676"}],"wp:featuredmedia":[{"embeddable":true,"href":"https:\/\/eldiariodesanpedro.com.ar\/sitio\/wp-json\/wp\/v2\/media\/43675"}],"wp:attachment":[{"href":"https:\/\/eldiariodesanpedro.com.ar\/sitio\/wp-json\/wp\/v2\/media?parent=43674"}],"wp:term":[{"taxonomy":"category","embeddable":true,"href":"https:\/\/eldiariodesanpedro.com.ar\/sitio\/wp-json\/wp\/v2\/categories?post=43674"},{"taxonomy":"post_tag","embeddable":true,"href":"https:\/\/eldiariodesanpedro.com.ar\/sitio\/wp-json\/wp\/v2\/tags?post=43674"}],"curies":[{"name":"wp","href":"https:\/\/api.w.org\/{rel}","templated":true}]}}