{"id":43673,"date":"2018-11-16T12:28:48","date_gmt":"2018-11-16T15:28:48","guid":{"rendered":"https:\/\/eldiariodesanpedro.com.ar\/sitio\/?p=43673"},"modified":"2018-11-16T12:28:48","modified_gmt":"2018-11-16T15:28:48","slug":"se-logro-establecer-la-autoria-de-dos-motochorros-en-allanamiento-hubo-un-aprehendido-y-el-otro-estaria-profugo","status":"publish","type":"post","link":"https:\/\/eldiariodesanpedro.com.ar\/sitio\/se-logro-establecer-la-autoria-de-dos-motochorros-en-allanamiento-hubo-un-aprehendido-y-el-otro-estaria-profugo\/","title":{"rendered":"Se logro establecer la autor\u00eda de dos motochorros, en allanamiento hubo un aprehendido y el otro estar\u00eda pr\u00f3fugo"},"content":{"rendered":"<p><!-- VideographyWP Plugin Message: Automatic video embedding prevented by plugin options. --><br \/>\nPersonal del Gabinete criminol\u00f3gico de la comisar\u00eda, tras averiguaciones del hecho de robo modalidad motochorro que fue de  p\u00fablico conocimiento esta semana, ya que fueron filmados y los videos se viralizaron por redes sociales, fue aprehendido uno de ellos en allanamiento y el otro sujeto estaria pr\u00f3fugo. El delincuente aprehendido es menor de edad.<\/p>\n<p>Los hechos ocurrieron el d\u00eda lunes 12 del corriente mes, promediando el mediod\u00eda, cuando dos malvivientes a bordo de una moto en raid delictivo, sustrajeron dos bolsos de mujer en distintos lugares de la ciudad.<\/p>\n<p>El jueves por la tarde, se logr\u00f3 establecer la autor\u00eda de los sujetos, y tras r\u00e1pido accionar de la justicia, se extendieron \u00f3rdenes de allanamiento.<\/p>\n<p>Fue as\u00ed que por la noche del jueves, se realizaron las diligencias y en uno de los objetivos de calle Saavedra s\/n, se logr\u00f3 el secuestro de prendas de vestir del autor material al momento de los hechos, quien viajaba de acompa\u00f1ante en la motocicleta, como as\u00ed pertenencias de una de las v\u00edctimas.<\/p>\n<p>El delincuente que acompa\u00f1aba resulta ser un joven de  17 a\u00f1os de edad; la causa ahora paso a fiscal\u00eda juvenil de San Nicolas, quien dispuso la notificaci\u00f3n de la causa, imputandolo de los hechos de robo, permaneciendo a resguardo de sus familiares. <\/p>\n<p>Con respecto del restante sujeto, quien conduc\u00eda la motocicleta, no se encontr\u00f3 en el domicilio, como as\u00ed tampoco el rodado utilizado, ya que desde el dia de los hechos, se ausentaron del domicilio sobre barrancas en la Bajada de Ch\u00e1vez. <\/p>\n<p>A ra\u00edz de esto, se prosiguen investigaciones ahora con intervenci\u00f3n de la Fiscal\u00eda del Juzgado de menores. <\/p>\n","protected":false},"excerpt":{"rendered":"<p>Personal del Gabinete criminol\u00f3gico de la comisar\u00eda, tras averiguaciones del hecho de robo modalidad motochorro que fue de p\u00fablico conocimiento esta semana, ya que fueron filmados y los videos se viralizaron por redes sociales, fue aprehendido uno de ellos en allanamiento y el otro sujeto estaria pr\u00f3fugo. El delincuente aprehendido es menor de edad. Los [&hellip;]<\/p>\n","protected":false},"author":4,"featured_media":30195,"comment_status":"open","ping_status":"closed","sticky":false,"template":"","format":"standard","meta":{"om_disable_all_campaigns":false,"_jetpack_memberships_contains_paid_content":false,"footnotes":""},"categories":[50,2,103],"tags":[],"class_list":["post-43673","post","type-post","status-publish","format-standard","has-post-thumbnail","hentry","category-destacadas","category-locales","category-policiales-locales"],"aioseo_notices":[],"gutentor_comment":0,"jetpack_featured_media_url":"https:\/\/eldiariodesanpedro.com.ar\/sitio\/wp-content\/uploads\/2018\/03\/Aprehendido-y-ofuscado.jpg","jetpack_shortlink":"https:\/\/wp.me\/p6RhLt-bmp","jetpack_sharing_enabled":true,"_links":{"self":[{"href":"https:\/\/eldiariodesanpedro.com.ar\/sitio\/wp-json\/wp\/v2\/posts\/43673","targetHints":{"allow":["GET"]}}],"collection":[{"href":"https:\/\/eldiariodesanpedro.com.ar\/sitio\/wp-json\/wp\/v2\/posts"}],"about":[{"href":"https:\/\/eldiariodesanpedro.com.ar\/sitio\/wp-json\/wp\/v2\/types\/post"}],"author":[{"embeddable":true,"href":"https:\/\/eldiariodesanpedro.com.ar\/sitio\/wp-json\/wp\/v2\/users\/4"}],"replies":[{"embeddable":true,"href":"https:\/\/eldiariodesanpedro.com.ar\/sitio\/wp-json\/wp\/v2\/comments?post=43673"}],"version-history":[{"count":1,"href":"https:\/\/eldiariodesanpedro.com.ar\/sitio\/wp-json\/wp\/v2\/posts\/43673\/revisions"}],"predecessor-version":[{"id":43683,"href":"https:\/\/eldiariodesanpedro.com.ar\/sitio\/wp-json\/wp\/v2\/posts\/43673\/revisions\/43683"}],"wp:featuredmedia":[{"embeddable":true,"href":"https:\/\/eldiariodesanpedro.com.ar\/sitio\/wp-json\/wp\/v2\/media\/30195"}],"wp:attachment":[{"href":"https:\/\/eldiariodesanpedro.com.ar\/sitio\/wp-json\/wp\/v2\/media?parent=43673"}],"wp:term":[{"taxonomy":"category","embeddable":true,"href":"https:\/\/eldiariodesanpedro.com.ar\/sitio\/wp-json\/wp\/v2\/categories?post=43673"},{"taxonomy":"post_tag","embeddable":true,"href":"https:\/\/eldiariodesanpedro.com.ar\/sitio\/wp-json\/wp\/v2\/tags?post=43673"}],"curies":[{"name":"wp","href":"https:\/\/api.w.org\/{rel}","templated":true}]}}